{"id":811,"date":"2021-03-29T11:02:14","date_gmt":"2021-03-29T09:02:14","guid":{"rendered":"https:\/\/mytourintuscany.it\/site\/?p=811"},"modified":"2025-03-15T16:12:19","modified_gmt":"2025-03-15T15:12:19","slug":"podesta-san-gimignano","status":"publish","type":"post","link":"https:\/\/mytourintuscany.it\/it\/speciali-tematici\/podesta-san-gimignano\/","title":{"rendered":"Nel Palazzo del Podest\u00e0 di San Gimignano"},"content":{"rendered":"<p>[vc_row][vc_column]<style type=\"text\/css\" data-type=\"the7_shortcodes-inline-css\">.gallery-carousel-shortcode.gallery-carousel-shortcode-id-e4a479fca8ac9e1f82337b6585e77e06 .owl-nav a {\n  width: 36px;\n  height: 36px;\n  border-radius: 500px;\n}\n.dt-arrow-border-on.gallery-carousel-shortcode.gallery-carousel-shortcode-id-e4a479fca8ac9e1f82337b6585e77e06 .owl-nav a:not(:hover):before {\n  border-width: 0px;\n}\n.dt-arrow-hover-border-on.gallery-carousel-shortcode.gallery-carousel-shortcode-id-e4a479fca8ac9e1f82337b6585e77e06 .owl-nav a:hover:after {\n  border-width: 0px;\n}\n.gallery-carousel-shortcode.gallery-carousel-shortcode-id-e4a479fca8ac9e1f82337b6585e77e06 .owl-nav a.owl-prev {\n  top: 50%;\n  transform: translateY(calc(-50% + 0px));\n  left: -23px;\n}\n@media all and (-ms-high-contrast: none) {\n  .gallery-carousel-shortcode.gallery-carousel-shortcode-id-e4a479fca8ac9e1f82337b6585e77e06 .owl-nav a.owl-prev {\n    transform: translateY(-50%);\n    margin-top: 0px;\n  }\n}\n.gallery-carousel-shortcode.gallery-carousel-shortcode-id-e4a479fca8ac9e1f82337b6585e77e06 .owl-nav a.owl-prev i {\n  padding: 0px 0px 0px 0px;\n}\n.gallery-carousel-shortcode.gallery-carousel-shortcode-id-e4a479fca8ac9e1f82337b6585e77e06 .owl-nav a.owl-next {\n  top: 50%;\n  transform: translateY(calc(-50% + 0px));\n  right: -23px;\n}\n@media all and (-ms-high-contrast: none) {\n  .gallery-carousel-shortcode.gallery-carousel-shortcode-id-e4a479fca8ac9e1f82337b6585e77e06 .owl-nav a.owl-next {\n    transform: translateY(-50%);\n    margin-top: 0px;\n  }\n}\n.gallery-carousel-shortcode.gallery-carousel-shortcode-id-e4a479fca8ac9e1f82337b6585e77e06 .owl-nav a.owl-next i {\n  padding: 0px 0px 0px 0px;\n}\n.gallery-carousel-shortcode.gallery-carousel-shortcode-id-e4a479fca8ac9e1f82337b6585e77e06 .owl-nav i {\n  font-size: 18px;\n}\n.gallery-carousel-shortcode.gallery-carousel-shortcode-id-e4a479fca8ac9e1f82337b6585e77e06 .owl-nav a:not(:hover) i,\n.gallery-carousel-shortcode.gallery-carousel-shortcode-id-e4a479fca8ac9e1f82337b6585e77e06 .owl-nav a:not(:hover) i:before {\n  color: #ffffff;\n  background: none;\n}\n.gallery-carousel-shortcode.gallery-carousel-shortcode-id-e4a479fca8ac9e1f82337b6585e77e06 .owl-nav a:hover i,\n.gallery-carousel-shortcode.gallery-carousel-shortcode-id-e4a479fca8ac9e1f82337b6585e77e06 .owl-nav a:hover i:before {\n  color: rgba(255,255,255,0.75);\n  background: none;\n}\n.gallery-carousel-shortcode.gallery-carousel-shortcode-id-e4a479fca8ac9e1f82337b6585e77e06 .owl-dots {\n  top: calc(100% + 20px);\n  left: 50%;\n  transform: translateX(calc(-50% + 0px));\n}\n@media all and (-ms-high-contrast: none) {\n  .gallery-carousel-shortcode.gallery-carousel-shortcode-id-e4a479fca8ac9e1f82337b6585e77e06 .owl-dots {\n    transform: translateX(-50%);\n    margin-left: 0px;\n  }\n}\n.gallery-carousel-shortcode.gallery-carousel-shortcode-id-e4a479fca8ac9e1f82337b6585e77e06 .owl-dot {\n  width: 10px;\n  height: 10px;\n  margin: 0 8px;\n}\n@media screen and (max-width: 778px) {\n  .gallery-carousel-shortcode.gallery-carousel-shortcode-id-e4a479fca8ac9e1f82337b6585e77e06.hide-arrows .owl-nav a {\n    display: none;\n  }\n}\n@media screen and (max-width: 778px) {\n  .gallery-carousel-shortcode.gallery-carousel-shortcode-id-e4a479fca8ac9e1f82337b6585e77e06.reposition-arrows .owl-nav .owl-prev {\n    top: 50%;\n    transform: translateY(calc(-50% + 0px));\n    left: 10px;\n  }\n  .gallery-carousel-shortcode.gallery-carousel-shortcode-id-e4a479fca8ac9e1f82337b6585e77e06.reposition-arrows .owl-nav .owl-next {\n    top: 50%;\n    transform: translateY(calc(-50% + 0px));\n    right: 10px;\n  }\n}\n@media screen and (max-width: 778px) and all and (-ms-high-contrast: none) {\n  .gallery-carousel-shortcode.gallery-carousel-shortcode-id-e4a479fca8ac9e1f82337b6585e77e06.reposition-arrows .owl-nav .owl-prev {\n    transform: translateY(-50%);\n    margin-top: 0px;\n  }\n}\n@media screen and (max-width: 778px) and all and (-ms-high-contrast: none) {\n  .gallery-carousel-shortcode.gallery-carousel-shortcode-id-e4a479fca8ac9e1f82337b6585e77e06.reposition-arrows .owl-nav .owl-next {\n    transform: translateY(-50%);\n    margin-top: 0px;\n  }\n}\n.gallery-carousel-shortcode.gallery-carousel-shortcode-id-e4a479fca8ac9e1f82337b6585e77e06 figure,\n.gallery-carousel-shortcode.gallery-carousel-shortcode-id-e4a479fca8ac9e1f82337b6585e77e06 .rollover,\n.gallery-carousel-shortcode.gallery-carousel-shortcode-id-e4a479fca8ac9e1f82337b6585e77e06 img,\n.gallery-carousel-shortcode.gallery-carousel-shortcode-id-e4a479fca8ac9e1f82337b6585e77e06 .gallery-rollover {\n  border-radius: 0px;\n}\n.gallery-carousel-shortcode.gallery-carousel-shortcode-id-e4a479fca8ac9e1f82337b6585e77e06.enable-bg-rollover .gallery-rollover {\n  background: -webkit-linear-gradient();\n  background: linear-gradient();\n}\n.gallery-carousel-shortcode.gallery-carousel-shortcode-id-e4a479fca8ac9e1f82337b6585e77e06.enable-img-shadow .owl-stage-outer {\n  padding: 14px 0;\n}\n.gallery-carousel-shortcode.gallery-carousel-shortcode-id-e4a479fca8ac9e1f82337b6585e77e06.enable-bg-rollover.hover-scale figure .rollover:after {\n  background: -webkit-linear-gradient();\n  background: linear-gradient();\n}\n.gallery-carousel-shortcode.gallery-carousel-shortcode-id-e4a479fca8ac9e1f82337b6585e77e06.gallery-shortcode .gallery-zoom-ico {\n  width: 44px;\n  height: 44px;\n  line-height: 44px;\n  border-radius: 100px;\n  margin: -22px 0 0 -22px;\n  border-width: 0px;\n}\n.dt-icon-bg-on.gallery-carousel-shortcode.gallery-carousel-shortcode-id-e4a479fca8ac9e1f82337b6585e77e06.gallery-shortcode .gallery-zoom-ico {\n  background: rgba(255,255,255,0.3);\n  box-shadow: none;\n}\n.gallery-carousel-shortcode.gallery-carousel-shortcode-id-e4a479fca8ac9e1f82337b6585e77e06.gallery-shortcode .gallery-zoom-ico:before,\n.gallery-carousel-shortcode.gallery-carousel-shortcode-id-e4a479fca8ac9e1f82337b6585e77e06.gallery-shortcode .gallery-zoom-ico span {\n  font-size: 32px;\n  line-height: 44px;\n  color: #ffffff;\n  background: none;\n}\n<\/style><div class=\"owl-carousel gallery-carousel-shortcode gallery-shortcode  dt-gallery-container dt-owl-carousel-call gallery-carousel-shortcode-id-e4a479fca8ac9e1f82337b6585e77e06 quick-scale-img enable-bg-rollover meta-info-off dt-arrow-border-on dt-arrow-hover-border-on bullets-small-dot-stroke reposition-arrows dt-icon-bg-off arrows-bg-on disable-arrows-hover-bg arrows-hover-bg-on  hover-fade \" data-scroll-mode=\"1\" data-col-num=\"6\" data-wide-col-num=\"6\" data-laptop-col=\"5\" data-h-tablet-columns-num=\"4\" data-v-tablet-columns-num=\"3\" data-phone-columns-num=\"1\" data-col-gap=\"10\" data-stage-padding=\"0\" data-speed=\"600\" data-autoplay=\"true\" data-autoplay_speed=\"6000\" data-arrows=\"true\" data-bullet=\"true\" data-next-icon=\"icon-ar-017-r\" data-prev-icon=\"icon-ar-017-l\" data-img-shadow-size=\"12px\" data-img-shadow-spread=\"3px\"><div data-post-id=\"818\" data-date=\"2021-03-29T10:58:20+02:00\" data-name=\"SanGimignano_civico\"><figure class=\"post\"><a href=\"https:\/\/mytourintuscany.it\/site\/wp-content\/uploads\/2021\/03\/SanGimignano_civico.jpg\" class=\"rollover dt-pswp-item layzr-bg\" data-large_image_width=\"960\" data-large_image_height=\"510\" data-dt-img-description=\"\" title=\"SanGimignano_civico\"><img class=\"preload-me owl-lazy-load\" src=\"data:image\/svg+xml,%3Csvg%20xmlns%3D&#39;http%3A%2F%2Fwww.w3.org%2F2000%2Fsvg&#39;%20viewBox%3D&#39;0%200%20510%20510&#39;%2F%3E\" data-src=\"https:\/\/mytourintuscany.it\/site\/wp-content\/uploads\/2021\/03\/SanGimignano_civico-510x510.jpg\" data-srcset=\"https:\/\/mytourintuscany.it\/site\/wp-content\/uploads\/2021\/03\/SanGimignano_civico-510x510.jpg 510w\" alt=\"\" width=\"510\" height=\"510\"  \/><span class=\"gallery-rollover\"><span class=\"gallery-zoom-ico icomoon-the7-font-the7-zoom-06\"><span><\/span><\/span><\/span><\/a><\/figure><\/div><div data-post-id=\"817\" data-date=\"2021-03-29T10:57:46+02:00\" data-name=\"San Gimignano-07\"><figure class=\"post\"><a href=\"https:\/\/mytourintuscany.it\/site\/wp-content\/uploads\/2021\/03\/San-Gimignano-07.jpg\" class=\"rollover dt-pswp-item layzr-bg\" data-large_image_width=\"1600\" data-large_image_height=\"1067\" data-dt-img-description=\"\" title=\"San Gimignano-07\"><img class=\"preload-me owl-lazy-load\" src=\"data:image\/svg+xml,%3Csvg%20xmlns%3D&#39;http%3A%2F%2Fwww.w3.org%2F2000%2Fsvg&#39;%20viewBox%3D&#39;0%200%201067%201067&#39;%2F%3E\" data-src=\"https:\/\/mytourintuscany.it\/site\/wp-content\/uploads\/2021\/03\/San-Gimignano-07-1067x1067.jpg\" data-srcset=\"https:\/\/mytourintuscany.it\/site\/wp-content\/uploads\/2021\/03\/San-Gimignano-07-1067x1067.jpg 1067w\" alt=\"\" width=\"1067\" height=\"1067\"  \/><span class=\"gallery-rollover\"><span class=\"gallery-zoom-ico icomoon-the7-font-the7-zoom-06\"><span><\/span><\/span><\/span><\/a><\/figure><\/div><div data-post-id=\"816\" data-date=\"2021-03-29T10:57:32+02:00\" data-name=\"San Gimignano-02\"><figure class=\"post\"><a href=\"https:\/\/mytourintuscany.it\/site\/wp-content\/uploads\/2021\/03\/San-Gimignano-02-1.jpg\" class=\"rollover dt-pswp-item layzr-bg\" data-large_image_width=\"1680\" data-large_image_height=\"2172\" data-dt-img-description=\"\" title=\"San Gimignano-02\"><img class=\"preload-me owl-lazy-load\" src=\"data:image\/svg+xml,%3Csvg%20xmlns%3D&#39;http%3A%2F%2Fwww.w3.org%2F2000%2Fsvg&#39;%20viewBox%3D&#39;0%200%201680%201680&#39;%2F%3E\" data-src=\"https:\/\/mytourintuscany.it\/site\/wp-content\/uploads\/2021\/03\/San-Gimignano-02-1-1680x1680.jpg\" data-srcset=\"https:\/\/mytourintuscany.it\/site\/wp-content\/uploads\/2021\/03\/San-Gimignano-02-1-1680x1680.jpg 1680w\" alt=\"\" width=\"1680\" height=\"1680\"  \/><span class=\"gallery-rollover\"><span class=\"gallery-zoom-ico icomoon-the7-font-the7-zoom-06\"><span><\/span><\/span><\/span><\/a><\/figure><\/div><div data-post-id=\"814\" data-date=\"2021-03-29T10:56:33+02:00\" data-name=\"San Gimignano-16\"><figure class=\"post\"><a href=\"https:\/\/mytourintuscany.it\/site\/wp-content\/uploads\/2021\/03\/San-Gimignano-16-scaled.jpg\" class=\"rollover dt-pswp-item layzr-bg\" data-large_image_width=\"2560\" data-large_image_height=\"1329\" data-dt-img-description=\"\" title=\"San Gimignano-16\"><img class=\"preload-me owl-lazy-load\" src=\"data:image\/svg+xml,%3Csvg%20xmlns%3D&#39;http%3A%2F%2Fwww.w3.org%2F2000%2Fsvg&#39;%20viewBox%3D&#39;0%200%201329%201329&#39;%2F%3E\" data-src=\"https:\/\/mytourintuscany.it\/site\/wp-content\/uploads\/2021\/03\/San-Gimignano-16-scaled-1329x1329.jpg\" data-srcset=\"https:\/\/mytourintuscany.it\/site\/wp-content\/uploads\/2021\/03\/San-Gimignano-16-scaled-1329x1329.jpg 1329w\" alt=\"\" width=\"1329\" height=\"1329\"  \/><span class=\"gallery-rollover\"><span class=\"gallery-zoom-ico icomoon-the7-font-the7-zoom-06\"><span><\/span><\/span><\/span><\/a><\/figure><\/div><div data-post-id=\"813\" data-date=\"2021-03-29T10:55:33+02:00\" data-name=\"San Gimignano-18\"><figure class=\"post\"><a href=\"https:\/\/mytourintuscany.it\/site\/wp-content\/uploads\/2021\/03\/San-Gimignano-18-scaled.jpg\" class=\"rollover dt-pswp-item layzr-bg\" data-large_image_width=\"2560\" data-large_image_height=\"1714\" data-dt-img-description=\"\" title=\"San Gimignano-18\"><img class=\"preload-me owl-lazy-load\" src=\"data:image\/svg+xml,%3Csvg%20xmlns%3D&#39;http%3A%2F%2Fwww.w3.org%2F2000%2Fsvg&#39;%20viewBox%3D&#39;0%200%201714%201714&#39;%2F%3E\" data-src=\"https:\/\/mytourintuscany.it\/site\/wp-content\/uploads\/2021\/03\/San-Gimignano-18-scaled-1714x1714.jpg\" data-srcset=\"https:\/\/mytourintuscany.it\/site\/wp-content\/uploads\/2021\/03\/San-Gimignano-18-scaled-1714x1714.jpg 1714w\" alt=\"\" width=\"1714\" height=\"1714\"  \/><span class=\"gallery-rollover\"><span class=\"gallery-zoom-ico icomoon-the7-font-the7-zoom-06\"><span><\/span><\/span><\/span><\/a><\/figure><\/div><div data-post-id=\"812\" data-date=\"2021-03-29T10:54:45+02:00\" data-name=\"SanGimignano_skyline-01_reduced\"><figure class=\"post\"><a href=\"https:\/\/mytourintuscany.it\/site\/wp-content\/uploads\/2021\/03\/SanGimignano_skyline-01_reduced.jpg\" class=\"rollover dt-pswp-item layzr-bg\" data-large_image_width=\"1762\" data-large_image_height=\"1017\" data-dt-img-description=\"\" title=\"SanGimignano_skyline-01_reduced\"><img class=\"preload-me owl-lazy-load\" src=\"data:image\/svg+xml,%3Csvg%20xmlns%3D&#39;http%3A%2F%2Fwww.w3.org%2F2000%2Fsvg&#39;%20viewBox%3D&#39;0%200%201017%201017&#39;%2F%3E\" data-src=\"https:\/\/mytourintuscany.it\/site\/wp-content\/uploads\/2021\/03\/SanGimignano_skyline-01_reduced-1017x1017.jpg\" data-srcset=\"https:\/\/mytourintuscany.it\/site\/wp-content\/uploads\/2021\/03\/SanGimignano_skyline-01_reduced-1017x1017.jpg 1017w\" alt=\"\" width=\"1017\" height=\"1017\"  \/><span class=\"gallery-rollover\"><span class=\"gallery-zoom-ico icomoon-the7-font-the7-zoom-06\"><span><\/span><\/span><\/span><\/a><\/figure><\/div><\/div>[\/vc_column][\/vc_row][vc_row bg_type=&#8221;bg_color&#8221; bg_color_value=&#8221;#ffffff&#8221; css=&#8221;.vc_custom_1616275744297{margin-top: 60px !important;}&#8221;][vc_column][vc_column_text]<\/p>\n<div class=\"pane\">\n<p><strong><span style=\"color: #d8b280;\">Itinerario<\/span><\/strong><\/p>\n<p>Una visita all&#8217;interno dell&#8217;odierno Palazzo Comunale di San Gimignano, che nel Medioevo era sede del Podest\u00e0. Sar\u00e0 possibile ammirare alcuni interessanti cicli di affreschi, come quelli presenti dedicati a Carlo d&#8217;Angi\u00f2 nella Sala di Dante (l&#8217;antica sala conisliare), la Maest\u00e0 realizzata da Lippo Memmi e la particolare decorazione pittorica della sala da letto del Podest\u00e0, che ha come soggetto una serie di scene di amore &#8220;profano&#8221;, molto divertenti. Nella stessa visita \u00e8 prevista anche la Pinacoteca con opere di Benozzo Gozzoli, Filippo Lippi e Pinturicchio. Infine, vale la pena dedicare qualche minuto per accedere alla Torre Grossa, dalla quale si pu\u00f2 godere di uno splendido panorama sui tetti della citt\u00e0, sulla circostante campagna della Valdelsa, fino alle montagne pistoiesi e alle Alpi Apuane.<\/p>\n<\/div>\n<p>[\/vc_column_text][\/vc_column][\/vc_row][vc_row][vc_column][vc_tour][vc_tab title=&#8221;Note&#8221; tab_id=&#8221;1fdb0a27-2109-2&#8243;][vc_column_text]<span style=\"color: #d8b280;\"><strong><span style=\"color: #d8b280;\">Durata<\/span>: 3 ore<\/strong><\/span><\/p>\n<p>Ingresso a pagamento Palazzo Comunale e Pinacoteca[\/vc_column_text][\/vc_tab][vc_tab title=&#8221;Info e Prenotazione&#8221; tab_id=&#8221;1616339534401-3-3&#8243;]<div role=\"form\" class=\"wpcf7\" id=\"wpcf7-f293-o1\" lang=\"it-IT\" dir=\"ltr\">\n<div class=\"screen-reader-response\"><p role=\"status\" aria-live=\"polite\" aria-atomic=\"true\"><\/p> <ul><\/ul><\/div>\n<form action=\"\/it\/wp-json\/wp\/v2\/posts\/811#wpcf7-f293-o1\" method=\"post\" class=\"wpcf7-form init\" novalidate=\"novalidate\" data-status=\"init\">\n<div style=\"display: none;\">\n<input type=\"hidden\" name=\"_wpcf7\" value=\"293\" \/>\n<input type=\"hidden\" name=\"_wpcf7_version\" value=\"5.6.4\" \/>\n<input type=\"hidden\" name=\"_wpcf7_locale\" value=\"it_IT\" \/>\n<input type=\"hidden\" name=\"_wpcf7_unit_tag\" value=\"wpcf7-f293-o1\" \/>\n<input type=\"hidden\" name=\"_wpcf7_container_post\" value=\"0\" \/>\n<input type=\"hidden\" name=\"_wpcf7_posted_data_hash\" value=\"\" \/>\n<input type=\"hidden\" name=\"_wpcf7_recaptcha_response\" value=\"\" \/>\n<\/div>\n<p><span class=\"wpcf7-form-control-wrap\" data-name=\"your-name\"><input type=\"text\" name=\"your-name\" value=\"\" size=\"40\" class=\"wpcf7-form-control wpcf7-text wpcf7-validates-as-required\" aria-required=\"true\" aria-invalid=\"false\" placeholder=\"Il tuo nome*\" \/><\/span><br \/>\n<span class=\"wpcf7-form-control-wrap\" data-name=\"your-email\"><input type=\"email\" name=\"your-email\" value=\"\" size=\"40\" class=\"wpcf7-form-control wpcf7-text wpcf7-email wpcf7-validates-as-required wpcf7-validates-as-email\" aria-required=\"true\" aria-invalid=\"false\" placeholder=\"La tua e-mail*\" \/><\/span><br \/>\n<span class=\"wpcf7-form-control-wrap\" data-name=\"tel-954\"><input type=\"tel\" name=\"tel-954\" value=\"\" size=\"40\" class=\"wpcf7-form-control wpcf7-text wpcf7-tel wpcf7-validates-as-tel\" aria-invalid=\"false\" placeholder=\"Il tuo recapito telefonico (facoltativo)\" \/><\/span><br \/>\n<span class=\"wpcf7-form-control-wrap\" data-name=\"your-message\"><textarea name=\"your-message\" cols=\"40\" rows=\"10\" class=\"wpcf7-form-control wpcf7-textarea\" aria-invalid=\"false\" placeholder=\"Il tuo messaggio (facoltativo)\"><\/textarea><\/span><\/p>\n<p><span class=\"wpcf7-form-control-wrap\" data-name=\"acceptance-503\"><span class=\"wpcf7-form-control wpcf7-acceptance\"><span class=\"wpcf7-list-item\"><label><input type=\"checkbox\" name=\"acceptance-503\" value=\"1\" aria-invalid=\"false\" \/><span class=\"wpcf7-list-item-label\">Ho visionato e accetto l'<a href=\"https:\/\/mytourintuscany.it\/site\/privacy-e-condizioni-duso\/\">informativa sulla Privacy<\/a>.<\/span><\/label><\/span><\/span><\/span><\/p>\n<p><input type=\"submit\" value=\"Invia Richiesta\" class=\"wpcf7-form-control has-spinner wpcf7-submit\" \/><\/p>\n<p><br><br><br \/>\nQuesto sito \u00e8 protetto da reCAPTCHA e dalle <a href=\"https:\/\/policies.google.com\/privacy?hl=it\" target=\"_blank\">Norme sulla Privacy<\/a> e dai <a href=\"https:\/\/policies.google.com\/terms?hl=it\" target=\"_blank\">Termini di Servizio<\/a> di Google.<\/p>\n<div class=\"wpcf7-response-output\" aria-hidden=\"true\"><\/div><\/form><\/div>[\/vc_tab][\/vc_tour][\/vc_column][\/vc_row]<\/p>\n","protected":false},"excerpt":{"rendered":"<p>[vc_row][vc_column][\/vc_column][\/vc_row][vc_row bg_type=&#8221;bg_color&#8221; bg_color_value=&#8221;#ffffff&#8221; css=&#8221;.vc_custom_1616275744297{margin-top: 60px !important;}&#8221;][vc_column][vc_column_text] Itinerario Una visita all&#8217;interno dell&#8217;odierno Palazzo Comunale di San Gimignano, che nel Medioevo era sede del Podest\u00e0. Sar\u00e0 possibile ammirare alcuni interessanti cicli di affreschi, come quelli presenti dedicati a Carlo d&#8217;Angi\u00f2 nella Sala di Dante (l&#8217;antica sala conisliare), la Maest\u00e0 realizzata da Lippo Memmi e la particolare decorazione&hellip;<\/p>\n","protected":false},"author":2,"featured_media":815,"comment_status":"closed","ping_status":"open","sticky":false,"template":"elementor_theme","format":"standard","meta":[],"categories":[6],"tags":[145,146,40,142,144,141,143],"yoast_head":"<!-- This site is optimized with the Yoast SEO plugin v16.2 - https:\/\/yoast.com\/wordpress\/plugins\/seo\/ -->\n<title>Nel Palazzo del Podest\u00e0 di San Gimignano - My tour in Tuscany<\/title>\n<meta name=\"description\" content=\"Claudia Meucci Tour Guide Volterra Firenze Pisa Siena\" \/>\n<meta name=\"robots\" content=\"index, follow, max-snippet:-1, max-image-preview:large, max-video-preview:-1\" \/>\n<link rel=\"canonical\" href=\"https:\/\/mytourintuscany.it\/it\/speciali-tematici\/podesta-san-gimignano\/\" \/>\n<meta property=\"og:locale\" content=\"it_IT\" \/>\n<meta property=\"og:type\" content=\"article\" \/>\n<meta property=\"og:title\" content=\"Nel Palazzo del Podest\u00e0 di San Gimignano - My tour in Tuscany\" \/>\n<meta property=\"og:description\" content=\"Claudia Meucci Tour Guide Volterra Firenze Pisa Siena\" \/>\n<meta property=\"og:url\" content=\"https:\/\/mytourintuscany.it\/it\/speciali-tematici\/podesta-san-gimignano\/\" \/>\n<meta property=\"og:site_name\" content=\"My tour in Tuscany\" \/>\n<meta property=\"article:published_time\" content=\"2021-03-29T09:02:14+00:00\" \/>\n<meta property=\"article:modified_time\" content=\"2025-03-15T15:12:19+00:00\" \/>\n<meta property=\"og:image\" content=\"https:\/\/mytourintuscany.it\/site\/wp-content\/uploads\/2021\/03\/San-Gimignano-17.jpg\" \/>\n\t<meta property=\"og:image:width\" content=\"1434\" \/>\n\t<meta property=\"og:image:height\" content=\"673\" \/>\n<meta name=\"twitter:card\" content=\"summary_large_image\" \/>\n<meta name=\"twitter:label1\" content=\"Tempo di lettura stimato\">\n\t<meta name=\"twitter:data1\" content=\"1 minuto\">\n<script type=\"application\/ld+json\" class=\"yoast-schema-graph\">{\"@context\":\"https:\/\/schema.org\",\"@graph\":[{\"@type\":\"WebSite\",\"@id\":\"https:\/\/mytourintuscany.it\/it\/#website\",\"url\":\"https:\/\/mytourintuscany.it\/it\/\",\"name\":\"My tour in Tuscany\",\"description\":\"Tours - Visite guidate - Accompagnamenti\",\"potentialAction\":[{\"@type\":\"SearchAction\",\"target\":\"https:\/\/mytourintuscany.it\/it\/?s={search_term_string}\",\"query-input\":\"required name=search_term_string\"}],\"inLanguage\":\"it-IT\"},{\"@type\":\"ImageObject\",\"@id\":\"https:\/\/mytourintuscany.it\/it\/speciali-tematici\/podesta-san-gimignano\/#primaryimage\",\"inLanguage\":\"it-IT\",\"url\":\"https:\/\/mytourintuscany.it\/site\/wp-content\/uploads\/2021\/03\/San-Gimignano-17.jpg\",\"contentUrl\":\"https:\/\/mytourintuscany.it\/site\/wp-content\/uploads\/2021\/03\/San-Gimignano-17.jpg\",\"width\":1434,\"height\":673},{\"@type\":\"WebPage\",\"@id\":\"https:\/\/mytourintuscany.it\/it\/speciali-tematici\/podesta-san-gimignano\/#webpage\",\"url\":\"https:\/\/mytourintuscany.it\/it\/speciali-tematici\/podesta-san-gimignano\/\",\"name\":\"Nel Palazzo del Podest\\u00e0 di San Gimignano - My tour in Tuscany\",\"isPartOf\":{\"@id\":\"https:\/\/mytourintuscany.it\/it\/#website\"},\"primaryImageOfPage\":{\"@id\":\"https:\/\/mytourintuscany.it\/it\/speciali-tematici\/podesta-san-gimignano\/#primaryimage\"},\"datePublished\":\"2021-03-29T09:02:14+00:00\",\"dateModified\":\"2025-03-15T15:12:19+00:00\",\"author\":{\"@id\":\"https:\/\/mytourintuscany.it\/it\/#\/schema\/person\/9ae9673d08d4544c4a451eb068ad7a37\"},\"description\":\"Claudia Meucci Tour Guide Volterra Firenze Pisa Siena\",\"breadcrumb\":{\"@id\":\"https:\/\/mytourintuscany.it\/it\/speciali-tematici\/podesta-san-gimignano\/#breadcrumb\"},\"inLanguage\":\"it-IT\",\"potentialAction\":[{\"@type\":\"ReadAction\",\"target\":[\"https:\/\/mytourintuscany.it\/it\/speciali-tematici\/podesta-san-gimignano\/\"]}]},{\"@type\":\"BreadcrumbList\",\"@id\":\"https:\/\/mytourintuscany.it\/it\/speciali-tematici\/podesta-san-gimignano\/#breadcrumb\",\"itemListElement\":[{\"@type\":\"ListItem\",\"position\":1,\"item\":{\"@type\":\"WebPage\",\"@id\":\"https:\/\/mytourintuscany.it\/it\/\",\"url\":\"https:\/\/mytourintuscany.it\/it\/\",\"name\":\"Home\"}},{\"@type\":\"ListItem\",\"position\":2,\"item\":{\"@id\":\"https:\/\/mytourintuscany.it\/it\/speciali-tematici\/podesta-san-gimignano\/#webpage\"}}]},{\"@type\":\"Person\",\"@id\":\"https:\/\/mytourintuscany.it\/it\/#\/schema\/person\/9ae9673d08d4544c4a451eb068ad7a37\",\"name\":\"Admin\",\"image\":{\"@type\":\"ImageObject\",\"@id\":\"https:\/\/mytourintuscany.it\/it\/#personlogo\",\"inLanguage\":\"it-IT\",\"url\":\"https:\/\/secure.gravatar.com\/avatar\/90dff9f0d2c21a67735ec2e3b1bb6bca?s=96&d=mm&r=g\",\"contentUrl\":\"https:\/\/secure.gravatar.com\/avatar\/90dff9f0d2c21a67735ec2e3b1bb6bca?s=96&d=mm&r=g\",\"caption\":\"Admin\"}}]}<\/script>\n<!-- \/ Yoast SEO plugin. -->","_links":{"self":[{"href":"https:\/\/mytourintuscany.it\/it\/wp-json\/wp\/v2\/posts\/811"}],"collection":[{"href":"https:\/\/mytourintuscany.it\/it\/wp-json\/wp\/v2\/posts"}],"about":[{"href":"https:\/\/mytourintuscany.it\/it\/wp-json\/wp\/v2\/types\/post"}],"author":[{"embeddable":true,"href":"https:\/\/mytourintuscany.it\/it\/wp-json\/wp\/v2\/users\/2"}],"replies":[{"embeddable":true,"href":"https:\/\/mytourintuscany.it\/it\/wp-json\/wp\/v2\/comments?post=811"}],"version-history":[{"count":1,"href":"https:\/\/mytourintuscany.it\/it\/wp-json\/wp\/v2\/posts\/811\/revisions"}],"predecessor-version":[{"id":819,"href":"https:\/\/mytourintuscany.it\/it\/wp-json\/wp\/v2\/posts\/811\/revisions\/819"}],"wp:featuredmedia":[{"embeddable":true,"href":"https:\/\/mytourintuscany.it\/it\/wp-json\/wp\/v2\/media\/815"}],"wp:attachment":[{"href":"https:\/\/mytourintuscany.it\/it\/wp-json\/wp\/v2\/media?parent=811"}],"wp:term":[{"taxonomy":"category","embeddable":true,"href":"https:\/\/mytourintuscany.it\/it\/wp-json\/wp\/v2\/categories?post=811"},{"taxonomy":"post_tag","embeddable":true,"href":"https:\/\/mytourintuscany.it\/it\/wp-json\/wp\/v2\/tags?post=811"}],"curies":[{"name":"wp","href":"https:\/\/api.w.org\/{rel}","templated":true}]}}