{"id":590,"date":"2021-03-27T15:06:33","date_gmt":"2021-03-27T14:06:33","guid":{"rendered":"https:\/\/mytourintuscany.it\/site\/?p=590"},"modified":"2025-03-15T16:18:37","modified_gmt":"2025-03-15T15:18:37","slug":"ex-manicomio-di-volterra","status":"publish","type":"post","link":"https:\/\/mytourintuscany.it\/it\/speciali-tematici\/ex-manicomio-di-volterra\/","title":{"rendered":"Ex Manicomio di Volterra &#8211; NOF4 tra arte e follia"},"content":{"rendered":"<p>[vc_row][vc_column]<style type=\"text\/css\" data-type=\"the7_shortcodes-inline-css\">.gallery-carousel-shortcode.gallery-carousel-shortcode-id-6168dc964ec0d70dc88bc43e65f982cc .owl-nav a {\n  width: 36px;\n  height: 36px;\n  border-radius: 500px;\n}\n.dt-arrow-border-on.gallery-carousel-shortcode.gallery-carousel-shortcode-id-6168dc964ec0d70dc88bc43e65f982cc .owl-nav a:not(:hover):before {\n  border-width: 0px;\n}\n.dt-arrow-hover-border-on.gallery-carousel-shortcode.gallery-carousel-shortcode-id-6168dc964ec0d70dc88bc43e65f982cc .owl-nav a:hover:after {\n  border-width: 0px;\n}\n.gallery-carousel-shortcode.gallery-carousel-shortcode-id-6168dc964ec0d70dc88bc43e65f982cc .owl-nav a.owl-prev {\n  top: 50%;\n  transform: translateY(calc(-50% + 0px));\n  left: -23px;\n}\n@media all and (-ms-high-contrast: none) {\n  .gallery-carousel-shortcode.gallery-carousel-shortcode-id-6168dc964ec0d70dc88bc43e65f982cc .owl-nav a.owl-prev {\n    transform: translateY(-50%);\n    margin-top: 0px;\n  }\n}\n.gallery-carousel-shortcode.gallery-carousel-shortcode-id-6168dc964ec0d70dc88bc43e65f982cc .owl-nav a.owl-prev i {\n  padding: 0px 0px 0px 0px;\n}\n.gallery-carousel-shortcode.gallery-carousel-shortcode-id-6168dc964ec0d70dc88bc43e65f982cc .owl-nav a.owl-next {\n  top: 50%;\n  transform: translateY(calc(-50% + 0px));\n  right: -23px;\n}\n@media all and (-ms-high-contrast: none) {\n  .gallery-carousel-shortcode.gallery-carousel-shortcode-id-6168dc964ec0d70dc88bc43e65f982cc .owl-nav a.owl-next {\n    transform: translateY(-50%);\n    margin-top: 0px;\n  }\n}\n.gallery-carousel-shortcode.gallery-carousel-shortcode-id-6168dc964ec0d70dc88bc43e65f982cc .owl-nav a.owl-next i {\n  padding: 0px 0px 0px 0px;\n}\n.gallery-carousel-shortcode.gallery-carousel-shortcode-id-6168dc964ec0d70dc88bc43e65f982cc .owl-nav i {\n  font-size: 18px;\n}\n.gallery-carousel-shortcode.gallery-carousel-shortcode-id-6168dc964ec0d70dc88bc43e65f982cc .owl-nav a:not(:hover) i,\n.gallery-carousel-shortcode.gallery-carousel-shortcode-id-6168dc964ec0d70dc88bc43e65f982cc .owl-nav a:not(:hover) i:before {\n  color: #ffffff;\n  background: none;\n}\n.gallery-carousel-shortcode.gallery-carousel-shortcode-id-6168dc964ec0d70dc88bc43e65f982cc .owl-nav a:hover i,\n.gallery-carousel-shortcode.gallery-carousel-shortcode-id-6168dc964ec0d70dc88bc43e65f982cc .owl-nav a:hover i:before {\n  color: rgba(255,255,255,0.75);\n  background: none;\n}\n.gallery-carousel-shortcode.gallery-carousel-shortcode-id-6168dc964ec0d70dc88bc43e65f982cc .owl-dots {\n  top: calc(100% + 20px);\n  left: 50%;\n  transform: translateX(calc(-50% + 0px));\n}\n@media all and (-ms-high-contrast: none) {\n  .gallery-carousel-shortcode.gallery-carousel-shortcode-id-6168dc964ec0d70dc88bc43e65f982cc .owl-dots {\n    transform: translateX(-50%);\n    margin-left: 0px;\n  }\n}\n.gallery-carousel-shortcode.gallery-carousel-shortcode-id-6168dc964ec0d70dc88bc43e65f982cc .owl-dot {\n  width: 10px;\n  height: 10px;\n  margin: 0 8px;\n}\n@media screen and (max-width: 778px) {\n  .gallery-carousel-shortcode.gallery-carousel-shortcode-id-6168dc964ec0d70dc88bc43e65f982cc.hide-arrows .owl-nav a {\n    display: none;\n  }\n}\n@media screen and (max-width: 778px) {\n  .gallery-carousel-shortcode.gallery-carousel-shortcode-id-6168dc964ec0d70dc88bc43e65f982cc.reposition-arrows .owl-nav .owl-prev {\n    top: 50%;\n    transform: translateY(calc(-50% + 0px));\n    left: 10px;\n  }\n  .gallery-carousel-shortcode.gallery-carousel-shortcode-id-6168dc964ec0d70dc88bc43e65f982cc.reposition-arrows .owl-nav .owl-next {\n    top: 50%;\n    transform: translateY(calc(-50% + 0px));\n    right: 10px;\n  }\n}\n@media screen and (max-width: 778px) and all and (-ms-high-contrast: none) {\n  .gallery-carousel-shortcode.gallery-carousel-shortcode-id-6168dc964ec0d70dc88bc43e65f982cc.reposition-arrows .owl-nav .owl-prev {\n    transform: translateY(-50%);\n    margin-top: 0px;\n  }\n}\n@media screen and (max-width: 778px) and all and (-ms-high-contrast: none) {\n  .gallery-carousel-shortcode.gallery-carousel-shortcode-id-6168dc964ec0d70dc88bc43e65f982cc.reposition-arrows .owl-nav .owl-next {\n    transform: translateY(-50%);\n    margin-top: 0px;\n  }\n}\n.gallery-carousel-shortcode.gallery-carousel-shortcode-id-6168dc964ec0d70dc88bc43e65f982cc figure,\n.gallery-carousel-shortcode.gallery-carousel-shortcode-id-6168dc964ec0d70dc88bc43e65f982cc .rollover,\n.gallery-carousel-shortcode.gallery-carousel-shortcode-id-6168dc964ec0d70dc88bc43e65f982cc img,\n.gallery-carousel-shortcode.gallery-carousel-shortcode-id-6168dc964ec0d70dc88bc43e65f982cc .gallery-rollover {\n  border-radius: 0px;\n}\n.gallery-carousel-shortcode.gallery-carousel-shortcode-id-6168dc964ec0d70dc88bc43e65f982cc.enable-bg-rollover .gallery-rollover {\n  background: -webkit-linear-gradient();\n  background: linear-gradient();\n}\n.gallery-carousel-shortcode.gallery-carousel-shortcode-id-6168dc964ec0d70dc88bc43e65f982cc.enable-img-shadow .owl-stage-outer {\n  padding: 14px 0;\n}\n.gallery-carousel-shortcode.gallery-carousel-shortcode-id-6168dc964ec0d70dc88bc43e65f982cc.enable-bg-rollover.hover-scale figure .rollover:after {\n  background: -webkit-linear-gradient();\n  background: linear-gradient();\n}\n.gallery-carousel-shortcode.gallery-carousel-shortcode-id-6168dc964ec0d70dc88bc43e65f982cc.gallery-shortcode .gallery-zoom-ico {\n  width: 44px;\n  height: 44px;\n  line-height: 44px;\n  border-radius: 100px;\n  margin: -22px 0 0 -22px;\n  border-width: 0px;\n}\n.dt-icon-bg-on.gallery-carousel-shortcode.gallery-carousel-shortcode-id-6168dc964ec0d70dc88bc43e65f982cc.gallery-shortcode .gallery-zoom-ico {\n  background: rgba(255,255,255,0.3);\n  box-shadow: none;\n}\n.gallery-carousel-shortcode.gallery-carousel-shortcode-id-6168dc964ec0d70dc88bc43e65f982cc.gallery-shortcode .gallery-zoom-ico:before,\n.gallery-carousel-shortcode.gallery-carousel-shortcode-id-6168dc964ec0d70dc88bc43e65f982cc.gallery-shortcode .gallery-zoom-ico span {\n  font-size: 32px;\n  line-height: 44px;\n  color: #ffffff;\n  background: none;\n}\n<\/style><div class=\"owl-carousel gallery-carousel-shortcode gallery-shortcode  dt-gallery-container dt-owl-carousel-call gallery-carousel-shortcode-id-6168dc964ec0d70dc88bc43e65f982cc quick-scale-img enable-bg-rollover meta-info-off dt-arrow-border-on dt-arrow-hover-border-on bullets-small-dot-stroke reposition-arrows dt-icon-bg-off arrows-bg-on disable-arrows-hover-bg arrows-hover-bg-on  hover-fade \" data-scroll-mode=\"1\" data-col-num=\"6\" data-wide-col-num=\"6\" data-laptop-col=\"5\" data-h-tablet-columns-num=\"4\" data-v-tablet-columns-num=\"3\" data-phone-columns-num=\"1\" data-col-gap=\"10\" data-stage-padding=\"0\" data-speed=\"600\" data-autoplay=\"true\" data-autoplay_speed=\"6000\" data-arrows=\"true\" data-bullet=\"true\" data-next-icon=\"icon-ar-017-r\" data-prev-icon=\"icon-ar-017-l\" data-img-shadow-size=\"12px\" data-img-shadow-spread=\"3px\"><div data-post-id=\"598\" data-date=\"2021-03-27T15:30:50+01:00\" data-name=\"IMG_2104\"><figure class=\"post\"><a href=\"https:\/\/mytourintuscany.it\/site\/wp-content\/uploads\/2021\/03\/IMG_2104-scaled.jpg\" class=\"rollover dt-pswp-item layzr-bg\" data-large_image_width=\"2560\" data-large_image_height=\"1920\" data-dt-img-description=\"\" title=\"IMG_2104\"><img class=\"preload-me owl-lazy-load\" src=\"data:image\/svg+xml,%3Csvg%20xmlns%3D&#39;http%3A%2F%2Fwww.w3.org%2F2000%2Fsvg&#39;%20viewBox%3D&#39;0%200%201920%201920&#39;%2F%3E\" data-src=\"https:\/\/mytourintuscany.it\/site\/wp-content\/uploads\/2021\/03\/IMG_2104-scaled-1920x1920.jpg\" data-srcset=\"https:\/\/mytourintuscany.it\/site\/wp-content\/uploads\/2021\/03\/IMG_2104-scaled-1920x1920.jpg 1920w\" alt=\"\" width=\"1920\" height=\"1920\"  \/><span class=\"gallery-rollover\"><span class=\"gallery-zoom-ico icomoon-the7-font-the7-zoom-06\"><span><\/span><\/span><\/span><\/a><\/figure><\/div><div data-post-id=\"600\" data-date=\"2021-03-27T15:33:09+01:00\" data-name=\"IMG_2125\"><figure class=\"post\"><a href=\"https:\/\/mytourintuscany.it\/site\/wp-content\/uploads\/2021\/03\/IMG_2125-scaled.jpg\" class=\"rollover dt-pswp-item layzr-bg\" data-large_image_width=\"1920\" data-large_image_height=\"2560\" data-dt-img-description=\"\" title=\"IMG_2125\"><img class=\"preload-me owl-lazy-load\" src=\"data:image\/svg+xml,%3Csvg%20xmlns%3D&#39;http%3A%2F%2Fwww.w3.org%2F2000%2Fsvg&#39;%20viewBox%3D&#39;0%200%201920%201920&#39;%2F%3E\" data-src=\"https:\/\/mytourintuscany.it\/site\/wp-content\/uploads\/2021\/03\/IMG_2125-scaled-1920x1920.jpg\" data-srcset=\"https:\/\/mytourintuscany.it\/site\/wp-content\/uploads\/2021\/03\/IMG_2125-scaled-1920x1920.jpg 1920w\" alt=\"\" width=\"1920\" height=\"1920\"  \/><span class=\"gallery-rollover\"><span class=\"gallery-zoom-ico icomoon-the7-font-the7-zoom-06\"><span><\/span><\/span><\/span><\/a><\/figure><\/div><div data-post-id=\"599\" data-date=\"2021-03-27T15:31:44+01:00\" data-name=\"IMG_2117\"><figure class=\"post\"><a href=\"https:\/\/mytourintuscany.it\/site\/wp-content\/uploads\/2021\/03\/IMG_2117-scaled.jpg\" class=\"rollover dt-pswp-item layzr-bg\" data-large_image_width=\"2560\" data-large_image_height=\"1920\" data-dt-img-description=\"\" title=\"IMG_2117\"><img class=\"preload-me owl-lazy-load\" src=\"data:image\/svg+xml,%3Csvg%20xmlns%3D&#39;http%3A%2F%2Fwww.w3.org%2F2000%2Fsvg&#39;%20viewBox%3D&#39;0%200%201920%201920&#39;%2F%3E\" data-src=\"https:\/\/mytourintuscany.it\/site\/wp-content\/uploads\/2021\/03\/IMG_2117-scaled-1920x1920.jpg\" data-srcset=\"https:\/\/mytourintuscany.it\/site\/wp-content\/uploads\/2021\/03\/IMG_2117-scaled-1920x1920.jpg 1920w\" alt=\"\" width=\"1920\" height=\"1920\"  \/><span class=\"gallery-rollover\"><span class=\"gallery-zoom-ico icomoon-the7-font-the7-zoom-06\"><span><\/span><\/span><\/span><\/a><\/figure><\/div><div data-post-id=\"601\" data-date=\"2021-03-27T15:34:32+01:00\" data-name=\"IMG_2127\"><figure class=\"post\"><a href=\"https:\/\/mytourintuscany.it\/site\/wp-content\/uploads\/2021\/03\/IMG_2127-scaled.jpg\" class=\"rollover dt-pswp-item layzr-bg\" data-large_image_width=\"2560\" data-large_image_height=\"1920\" data-dt-img-description=\"\" title=\"IMG_2127\"><img class=\"preload-me owl-lazy-load\" src=\"data:image\/svg+xml,%3Csvg%20xmlns%3D&#39;http%3A%2F%2Fwww.w3.org%2F2000%2Fsvg&#39;%20viewBox%3D&#39;0%200%201920%201920&#39;%2F%3E\" data-src=\"https:\/\/mytourintuscany.it\/site\/wp-content\/uploads\/2021\/03\/IMG_2127-scaled-1920x1920.jpg\" data-srcset=\"https:\/\/mytourintuscany.it\/site\/wp-content\/uploads\/2021\/03\/IMG_2127-scaled-1920x1920.jpg 1920w\" alt=\"\" width=\"1920\" height=\"1920\"  \/><span class=\"gallery-rollover\"><span class=\"gallery-zoom-ico icomoon-the7-font-the7-zoom-06\"><span><\/span><\/span><\/span><\/a><\/figure><\/div><div data-post-id=\"603\" data-date=\"2021-03-27T15:35:59+01:00\" data-name=\"IMG_2151\"><figure class=\"post\"><a href=\"https:\/\/mytourintuscany.it\/site\/wp-content\/uploads\/2021\/03\/IMG_2151-scaled.jpg\" class=\"rollover dt-pswp-item layzr-bg\" data-large_image_width=\"1920\" data-large_image_height=\"2560\" data-dt-img-description=\"\" title=\"IMG_2151\"><img class=\"preload-me owl-lazy-load\" src=\"data:image\/svg+xml,%3Csvg%20xmlns%3D&#39;http%3A%2F%2Fwww.w3.org%2F2000%2Fsvg&#39;%20viewBox%3D&#39;0%200%201920%201920&#39;%2F%3E\" data-src=\"https:\/\/mytourintuscany.it\/site\/wp-content\/uploads\/2021\/03\/IMG_2151-scaled-1920x1920.jpg\" data-srcset=\"https:\/\/mytourintuscany.it\/site\/wp-content\/uploads\/2021\/03\/IMG_2151-scaled-1920x1920.jpg 1920w\" alt=\"\" width=\"1920\" height=\"1920\"  \/><span class=\"gallery-rollover\"><span class=\"gallery-zoom-ico icomoon-the7-font-the7-zoom-06\"><span><\/span><\/span><\/span><\/a><\/figure><\/div><div data-post-id=\"604\" data-date=\"2021-03-27T15:36:32+01:00\" data-name=\"IMG_2154\"><figure class=\"post\"><a href=\"https:\/\/mytourintuscany.it\/site\/wp-content\/uploads\/2021\/03\/IMG_2154-scaled.jpg\" class=\"rollover dt-pswp-item layzr-bg\" data-large_image_width=\"2560\" data-large_image_height=\"1920\" data-dt-img-description=\"\" title=\"IMG_2154\"><img class=\"preload-me owl-lazy-load\" src=\"data:image\/svg+xml,%3Csvg%20xmlns%3D&#39;http%3A%2F%2Fwww.w3.org%2F2000%2Fsvg&#39;%20viewBox%3D&#39;0%200%201920%201920&#39;%2F%3E\" data-src=\"https:\/\/mytourintuscany.it\/site\/wp-content\/uploads\/2021\/03\/IMG_2154-scaled-1920x1920.jpg\" data-srcset=\"https:\/\/mytourintuscany.it\/site\/wp-content\/uploads\/2021\/03\/IMG_2154-scaled-1920x1920.jpg 1920w\" alt=\"\" width=\"1920\" height=\"1920\"  \/><span class=\"gallery-rollover\"><span class=\"gallery-zoom-ico icomoon-the7-font-the7-zoom-06\"><span><\/span><\/span><\/span><\/a><\/figure><\/div><\/div>[\/vc_column][\/vc_row][vc_row bg_type=&#8221;bg_color&#8221; bg_color_value=&#8221;#ffffff&#8221; css=&#8221;.vc_custom_1616275744297{margin-top: 60px !important;}&#8221;][vc_column][vc_column_text]<\/p>\n<div class=\"pane\">\n<p><strong><span style=\"color: #d8b280;\">Un viaggio all\u2019interno del museo dell\u2019ex Manicomio di Volterra per svelare i segreti dei graffiti del<\/span>\u00a0<em><span style=\"color: #d8b280;\">LIBRO DI PIETRA<\/span><\/em><\/strong><em>\u00a0<\/em><strong>di Fernando Nannetti, alias NOF4: uno dei capolavori dell\u2019ART BRUT<\/strong><\/p>\n<p style=\"text-align: left;\">Il nostro percorso ci porter\u00e0 alla scoperta e ci far\u00e0 capire la storia di uno dei manicomi pi\u00f9 grandi d\u2019Italia, un villaggio manicomiale vero e proprio, con oltre 40 padiglioni e 4000 pazienti. Ne ripercorreremo la storia dalla sua fondazione, alla fine del XIX secolo, fino alla chiusura a seguito della Legge Basaglia, nel 1978. Per quasi un secolo le persone con disturbi psichici sono state considerate irrecuperabili e socialmente pericolose, per cui erano allontanate dalla societ\u00e0, celate alla vista, emarginate e rinchiuse nei manicomi. Cos\u00ec le loro esistenze sono state per lo pi\u00f9 dimenticate e le loro storie consegnate all&#8217;obl\u00eco.<br \/>\nPer ridare voce a queste storie dimenticate conosceremo da vicino la vicenda di un &#8220;ospite&#8221; molto particolare del manicomio, Fernando &#8220;Oreste&#8221; Nannetti, alias <em>NOF4<\/em>, rinchiuso all&#8217;interno del Padiglione giudiziario Ferri nel 1958 pur non avendo commesso alcun reato grave. I graffiti del suo <strong><span style=\"color: #d8b280;\">Libro di Pietra<\/span><\/strong> sono considerati un capolavoro dell\u2019Art Brut: <em>NOF4<\/em> comunicava con il mondo incidendo con la fibbia del suo panciotto i muri del manicomio e in dieci anni ha inciso pi\u00f9 di 400.000 tra parole e disegni, per gridare al mondo la sua voglia di dignit\u00e0 e il suo bisogno di riscatto. Quello che a un occhio disattento poteva sembrare solo lo sfogo di un uomo disturbato si \u00e8 rivelato essere in realt\u00e0 un messaggio artistico colmo di significati poetici e politici ed \u00e8 oggi unanimemente considerato un&#8217;opera d&#8217;arte.<br \/>\nCapiremo insieme la sua espressione artistica e la grande dignit\u00e0 che Nannetti rivendicava per s\u00e9 e per tutti gli altri pazienti del manicomio, con i quali non era solito socializzare, ma per i quali nutriva rispetto e in nome dei quali ha deciso di lasciare al mondo la sua testimonianza.<br \/>\nIl museo \u00e8 allestito nei locali dell&#8217;ex Manicomio e vi sono conservati molti oggetti che ci ricordano le condizioni di vita spesso miserevoli di queste persone. Inoltre, grazie alla paziente e meritevole opera di un gruppo di volontari della ONLUS <strong><span style=\"color: #d8b280;\">Inclusione Graffio e Parola<\/span><\/strong>, che hanno staccato dai muri i graffiti, sar\u00e0 possibile ammirare da vicino i pensieri di <em>NOF4<\/em> incisi nella pietra.<br \/>\nUn viaggio interiore per comprendere meglio quanto possa essere sottile il confine tra arte e follia e quanto arbitrariamente si sia scelto in passato di considerare &#8220;pazzo&#8221; chi non era allineato e che oggi probabilmente sarebbe considerato solo anticonformista.<\/p>\n<div style=\"width: 844px;\" class=\"wp-video\"><!--[if lt IE 9]><script>document.createElement('video');<\/script><![endif]-->\n<video class=\"wp-video-shortcode\" id=\"video-590-1\" width=\"844\" height=\"480\" preload=\"metadata\" controls=\"controls\"><source type=\"video\/mp4\" src=\"https:\/\/mytourintuscany.it\/site\/wp-content\/uploads\/2021\/03\/Claudia_NOF4.mp4?_=1\" \/><a href=\"https:\/\/mytourintuscany.it\/site\/wp-content\/uploads\/2021\/03\/Claudia_NOF4.mp4\">https:\/\/mytourintuscany.it\/site\/wp-content\/uploads\/2021\/03\/Claudia_NOF4.mp4<\/a><\/video><\/div>\n<\/div>\n<p>[\/vc_column_text][\/vc_column][\/vc_row][vc_row][vc_column][vc_tour][vc_tab title=&#8221;Note&#8221; tab_id=&#8221;1fdb0a27-2109-2&#8243;][vc_column_text]In collaborazione con la ONLUS<strong> Inclusione Graffio e Parola<\/strong>. Le tariffe sono da concordare in base al numero dei partecipanti[\/vc_column_text][\/vc_tab][vc_tab title=&#8221;Info e Prenotazione&#8221; tab_id=&#8221;1616339534401-3-3&#8243;]<div role=\"form\" class=\"wpcf7\" id=\"wpcf7-f293-o1\" lang=\"it-IT\" dir=\"ltr\">\n<div class=\"screen-reader-response\"><p role=\"status\" aria-live=\"polite\" aria-atomic=\"true\"><\/p> <ul><\/ul><\/div>\n<form action=\"\/it\/wp-json\/wp\/v2\/posts\/590#wpcf7-f293-o1\" method=\"post\" class=\"wpcf7-form init\" novalidate=\"novalidate\" data-status=\"init\">\n<div style=\"display: none;\">\n<input type=\"hidden\" name=\"_wpcf7\" value=\"293\" \/>\n<input type=\"hidden\" name=\"_wpcf7_version\" value=\"5.6.4\" \/>\n<input type=\"hidden\" name=\"_wpcf7_locale\" value=\"it_IT\" \/>\n<input type=\"hidden\" name=\"_wpcf7_unit_tag\" value=\"wpcf7-f293-o1\" \/>\n<input type=\"hidden\" name=\"_wpcf7_container_post\" value=\"0\" \/>\n<input type=\"hidden\" name=\"_wpcf7_posted_data_hash\" value=\"\" \/>\n<input type=\"hidden\" name=\"_wpcf7_recaptcha_response\" value=\"\" \/>\n<\/div>\n<p><span class=\"wpcf7-form-control-wrap\" data-name=\"your-name\"><input type=\"text\" name=\"your-name\" value=\"\" size=\"40\" class=\"wpcf7-form-control wpcf7-text wpcf7-validates-as-required\" aria-required=\"true\" aria-invalid=\"false\" placeholder=\"Il tuo nome*\" \/><\/span><br \/>\n<span class=\"wpcf7-form-control-wrap\" data-name=\"your-email\"><input type=\"email\" name=\"your-email\" value=\"\" size=\"40\" class=\"wpcf7-form-control wpcf7-text wpcf7-email wpcf7-validates-as-required wpcf7-validates-as-email\" aria-required=\"true\" aria-invalid=\"false\" placeholder=\"La tua e-mail*\" \/><\/span><br \/>\n<span class=\"wpcf7-form-control-wrap\" data-name=\"tel-954\"><input type=\"tel\" name=\"tel-954\" value=\"\" size=\"40\" class=\"wpcf7-form-control wpcf7-text wpcf7-tel wpcf7-validates-as-tel\" aria-invalid=\"false\" placeholder=\"Il tuo recapito telefonico (facoltativo)\" \/><\/span><br \/>\n<span class=\"wpcf7-form-control-wrap\" data-name=\"your-message\"><textarea name=\"your-message\" cols=\"40\" rows=\"10\" class=\"wpcf7-form-control wpcf7-textarea\" aria-invalid=\"false\" placeholder=\"Il tuo messaggio (facoltativo)\"><\/textarea><\/span><\/p>\n<p><span class=\"wpcf7-form-control-wrap\" data-name=\"acceptance-503\"><span class=\"wpcf7-form-control wpcf7-acceptance\"><span class=\"wpcf7-list-item\"><label><input type=\"checkbox\" name=\"acceptance-503\" value=\"1\" aria-invalid=\"false\" \/><span class=\"wpcf7-list-item-label\">Ho visionato e accetto l'<a href=\"https:\/\/mytourintuscany.it\/site\/privacy-e-condizioni-duso\/\">informativa sulla Privacy<\/a>.<\/span><\/label><\/span><\/span><\/span><\/p>\n<p><input type=\"submit\" value=\"Invia Richiesta\" class=\"wpcf7-form-control has-spinner wpcf7-submit\" \/><\/p>\n<p><br><br><br \/>\nQuesto sito \u00e8 protetto da reCAPTCHA e dalle <a href=\"https:\/\/policies.google.com\/privacy?hl=it\" target=\"_blank\">Norme sulla Privacy<\/a> e dai <a href=\"https:\/\/policies.google.com\/terms?hl=it\" target=\"_blank\">Termini di Servizio<\/a> di Google.<\/p>\n<div class=\"wpcf7-response-output\" aria-hidden=\"true\"><\/div><\/form><\/div>[\/vc_tab][\/vc_tour][\/vc_column][\/vc_row]<\/p>\n","protected":false},"excerpt":{"rendered":"<p>[vc_row][vc_column][\/vc_column][\/vc_row][vc_row bg_type=&#8221;bg_color&#8221; bg_color_value=&#8221;#ffffff&#8221; css=&#8221;.vc_custom_1616275744297{margin-top: 60px !important;}&#8221;][vc_column][vc_column_text] Un viaggio all\u2019interno del museo dell\u2019ex Manicomio di Volterra per svelare i segreti dei graffiti del\u00a0LIBRO DI PIETRA\u00a0di Fernando Nannetti, alias NOF4: uno dei capolavori dell\u2019ART BRUT Il nostro percorso ci porter\u00e0 alla scoperta e ci far\u00e0 capire la storia di uno dei manicomi pi\u00f9 grandi d\u2019Italia, un villaggio&hellip;<\/p>\n","protected":false},"author":2,"featured_media":602,"comment_status":"closed","ping_status":"open","sticky":false,"template":"elementor_theme","format":"standard","meta":[],"categories":[6],"tags":[127,124,126,125,123,122],"yoast_head":"<!-- This site is optimized with the Yoast SEO plugin v16.2 - https:\/\/yoast.com\/wordpress\/plugins\/seo\/ -->\n<title>Ex Manicomio di Volterra - NOF4 tra arte e follia - My tour in Tuscany<\/title>\n<meta name=\"description\" content=\"Claudia Meucci Tour Guide Volterra Firenze Pisa Siena\" \/>\n<meta name=\"robots\" content=\"index, follow, max-snippet:-1, max-image-preview:large, max-video-preview:-1\" \/>\n<link rel=\"canonical\" href=\"https:\/\/mytourintuscany.it\/it\/speciali-tematici\/ex-manicomio-di-volterra\/\" \/>\n<meta property=\"og:locale\" content=\"it_IT\" \/>\n<meta property=\"og:type\" content=\"article\" \/>\n<meta property=\"og:title\" content=\"Ex Manicomio di Volterra - NOF4 tra arte e follia - My tour in Tuscany\" \/>\n<meta property=\"og:description\" content=\"Claudia Meucci Tour Guide Volterra Firenze Pisa Siena\" \/>\n<meta property=\"og:url\" content=\"https:\/\/mytourintuscany.it\/it\/speciali-tematici\/ex-manicomio-di-volterra\/\" \/>\n<meta property=\"og:site_name\" content=\"My tour in Tuscany\" \/>\n<meta property=\"article:published_time\" content=\"2021-03-27T14:06:33+00:00\" \/>\n<meta property=\"article:modified_time\" content=\"2025-03-15T15:18:37+00:00\" \/>\n<meta property=\"og:image\" content=\"https:\/\/mytourintuscany.it\/site\/wp-content\/uploads\/2021\/03\/IMG_2136-scaled.jpg\" \/>\n\t<meta property=\"og:image:width\" content=\"2560\" \/>\n\t<meta property=\"og:image:height\" content=\"1920\" \/>\n<meta name=\"twitter:card\" content=\"summary_large_image\" \/>\n<meta name=\"twitter:label1\" content=\"Tempo di lettura stimato\">\n\t<meta name=\"twitter:data1\" content=\"3 minuti\">\n<script type=\"application\/ld+json\" class=\"yoast-schema-graph\">{\"@context\":\"https:\/\/schema.org\",\"@graph\":[{\"@type\":\"WebSite\",\"@id\":\"https:\/\/mytourintuscany.it\/it\/#website\",\"url\":\"https:\/\/mytourintuscany.it\/it\/\",\"name\":\"My tour in Tuscany\",\"description\":\"Tours - Visite guidate - Accompagnamenti\",\"potentialAction\":[{\"@type\":\"SearchAction\",\"target\":\"https:\/\/mytourintuscany.it\/it\/?s={search_term_string}\",\"query-input\":\"required name=search_term_string\"}],\"inLanguage\":\"it-IT\"},{\"@type\":\"ImageObject\",\"@id\":\"https:\/\/mytourintuscany.it\/it\/speciali-tematici\/ex-manicomio-di-volterra\/#primaryimage\",\"inLanguage\":\"it-IT\",\"url\":\"https:\/\/mytourintuscany.it\/site\/wp-content\/uploads\/2021\/03\/IMG_2136-scaled.jpg\",\"contentUrl\":\"https:\/\/mytourintuscany.it\/site\/wp-content\/uploads\/2021\/03\/IMG_2136-scaled.jpg\",\"width\":2560,\"height\":1920},{\"@type\":\"WebPage\",\"@id\":\"https:\/\/mytourintuscany.it\/it\/speciali-tematici\/ex-manicomio-di-volterra\/#webpage\",\"url\":\"https:\/\/mytourintuscany.it\/it\/speciali-tematici\/ex-manicomio-di-volterra\/\",\"name\":\"Ex Manicomio di Volterra - NOF4 tra arte e follia - My tour in Tuscany\",\"isPartOf\":{\"@id\":\"https:\/\/mytourintuscany.it\/it\/#website\"},\"primaryImageOfPage\":{\"@id\":\"https:\/\/mytourintuscany.it\/it\/speciali-tematici\/ex-manicomio-di-volterra\/#primaryimage\"},\"datePublished\":\"2021-03-27T14:06:33+00:00\",\"dateModified\":\"2025-03-15T15:18:37+00:00\",\"author\":{\"@id\":\"https:\/\/mytourintuscany.it\/it\/#\/schema\/person\/9ae9673d08d4544c4a451eb068ad7a37\"},\"description\":\"Claudia Meucci Tour Guide Volterra Firenze Pisa Siena\",\"breadcrumb\":{\"@id\":\"https:\/\/mytourintuscany.it\/it\/speciali-tematici\/ex-manicomio-di-volterra\/#breadcrumb\"},\"inLanguage\":\"it-IT\",\"potentialAction\":[{\"@type\":\"ReadAction\",\"target\":[\"https:\/\/mytourintuscany.it\/it\/speciali-tematici\/ex-manicomio-di-volterra\/\"]}]},{\"@type\":\"BreadcrumbList\",\"@id\":\"https:\/\/mytourintuscany.it\/it\/speciali-tematici\/ex-manicomio-di-volterra\/#breadcrumb\",\"itemListElement\":[{\"@type\":\"ListItem\",\"position\":1,\"item\":{\"@type\":\"WebPage\",\"@id\":\"https:\/\/mytourintuscany.it\/it\/\",\"url\":\"https:\/\/mytourintuscany.it\/it\/\",\"name\":\"Home\"}},{\"@type\":\"ListItem\",\"position\":2,\"item\":{\"@id\":\"https:\/\/mytourintuscany.it\/it\/speciali-tematici\/ex-manicomio-di-volterra\/#webpage\"}}]},{\"@type\":\"Person\",\"@id\":\"https:\/\/mytourintuscany.it\/it\/#\/schema\/person\/9ae9673d08d4544c4a451eb068ad7a37\",\"name\":\"Admin\",\"image\":{\"@type\":\"ImageObject\",\"@id\":\"https:\/\/mytourintuscany.it\/it\/#personlogo\",\"inLanguage\":\"it-IT\",\"url\":\"https:\/\/secure.gravatar.com\/avatar\/90dff9f0d2c21a67735ec2e3b1bb6bca?s=96&d=mm&r=g\",\"contentUrl\":\"https:\/\/secure.gravatar.com\/avatar\/90dff9f0d2c21a67735ec2e3b1bb6bca?s=96&d=mm&r=g\",\"caption\":\"Admin\"}}]}<\/script>\n<!-- \/ Yoast SEO plugin. -->","_links":{"self":[{"href":"https:\/\/mytourintuscany.it\/it\/wp-json\/wp\/v2\/posts\/590"}],"collection":[{"href":"https:\/\/mytourintuscany.it\/it\/wp-json\/wp\/v2\/posts"}],"about":[{"href":"https:\/\/mytourintuscany.it\/it\/wp-json\/wp\/v2\/types\/post"}],"author":[{"embeddable":true,"href":"https:\/\/mytourintuscany.it\/it\/wp-json\/wp\/v2\/users\/2"}],"replies":[{"embeddable":true,"href":"https:\/\/mytourintuscany.it\/it\/wp-json\/wp\/v2\/comments?post=590"}],"version-history":[{"count":8,"href":"https:\/\/mytourintuscany.it\/it\/wp-json\/wp\/v2\/posts\/590\/revisions"}],"predecessor-version":[{"id":614,"href":"https:\/\/mytourintuscany.it\/it\/wp-json\/wp\/v2\/posts\/590\/revisions\/614"}],"wp:featuredmedia":[{"embeddable":true,"href":"https:\/\/mytourintuscany.it\/it\/wp-json\/wp\/v2\/media\/602"}],"wp:attachment":[{"href":"https:\/\/mytourintuscany.it\/it\/wp-json\/wp\/v2\/media?parent=590"}],"wp:term":[{"taxonomy":"category","embeddable":true,"href":"https:\/\/mytourintuscany.it\/it\/wp-json\/wp\/v2\/categories?post=590"},{"taxonomy":"post_tag","embeddable":true,"href":"https:\/\/mytourintuscany.it\/it\/wp-json\/wp\/v2\/tags?post=590"}],"curies":[{"name":"wp","href":"https:\/\/api.w.org\/{rel}","templated":true}]}}