{"id":466,"date":"2021-03-26T15:41:19","date_gmt":"2021-03-26T14:41:19","guid":{"rendered":"https:\/\/mytourintuscany.it\/site\/?p=466"},"modified":"2025-03-15T16:22:34","modified_gmt":"2025-03-15T15:22:34","slug":"tour-08-siena-musei","status":"publish","type":"post","link":"https:\/\/mytourintuscany.it\/it\/visite-guidate\/tour-08-siena-musei\/","title":{"rendered":"TOUR 08 \u2013 SIENA, musei: Complesso Museale del Duomo, Santa Maria della Scala, Battistero"},"content":{"rendered":"<p>[vc_row][vc_column]<style type=\"text\/css\" data-type=\"the7_shortcodes-inline-css\">.gallery-carousel-shortcode.gallery-carousel-shortcode-id-ae19ddccd6a4851b69a9c7886b7be49b .owl-nav a {\n  width: 36px;\n  height: 36px;\n  border-radius: 500px;\n}\n.dt-arrow-border-on.gallery-carousel-shortcode.gallery-carousel-shortcode-id-ae19ddccd6a4851b69a9c7886b7be49b .owl-nav a:not(:hover):before {\n  border-width: 0px;\n}\n.dt-arrow-hover-border-on.gallery-carousel-shortcode.gallery-carousel-shortcode-id-ae19ddccd6a4851b69a9c7886b7be49b .owl-nav a:hover:after {\n  border-width: 0px;\n}\n.gallery-carousel-shortcode.gallery-carousel-shortcode-id-ae19ddccd6a4851b69a9c7886b7be49b .owl-nav a.owl-prev {\n  top: 50%;\n  transform: translateY(calc(-50% + 0px));\n  left: -23px;\n}\n@media all and (-ms-high-contrast: none) {\n  .gallery-carousel-shortcode.gallery-carousel-shortcode-id-ae19ddccd6a4851b69a9c7886b7be49b .owl-nav a.owl-prev {\n    transform: translateY(-50%);\n    margin-top: 0px;\n  }\n}\n.gallery-carousel-shortcode.gallery-carousel-shortcode-id-ae19ddccd6a4851b69a9c7886b7be49b .owl-nav a.owl-prev i {\n  padding: 0px 0px 0px 0px;\n}\n.gallery-carousel-shortcode.gallery-carousel-shortcode-id-ae19ddccd6a4851b69a9c7886b7be49b .owl-nav a.owl-next {\n  top: 50%;\n  transform: translateY(calc(-50% + 0px));\n  right: -23px;\n}\n@media all and (-ms-high-contrast: none) {\n  .gallery-carousel-shortcode.gallery-carousel-shortcode-id-ae19ddccd6a4851b69a9c7886b7be49b .owl-nav a.owl-next {\n    transform: translateY(-50%);\n    margin-top: 0px;\n  }\n}\n.gallery-carousel-shortcode.gallery-carousel-shortcode-id-ae19ddccd6a4851b69a9c7886b7be49b .owl-nav a.owl-next i {\n  padding: 0px 0px 0px 0px;\n}\n.gallery-carousel-shortcode.gallery-carousel-shortcode-id-ae19ddccd6a4851b69a9c7886b7be49b .owl-nav i {\n  font-size: 18px;\n}\n.gallery-carousel-shortcode.gallery-carousel-shortcode-id-ae19ddccd6a4851b69a9c7886b7be49b .owl-nav a:not(:hover) i,\n.gallery-carousel-shortcode.gallery-carousel-shortcode-id-ae19ddccd6a4851b69a9c7886b7be49b .owl-nav a:not(:hover) i:before {\n  color: #ffffff;\n  background: none;\n}\n.gallery-carousel-shortcode.gallery-carousel-shortcode-id-ae19ddccd6a4851b69a9c7886b7be49b .owl-nav a:hover i,\n.gallery-carousel-shortcode.gallery-carousel-shortcode-id-ae19ddccd6a4851b69a9c7886b7be49b .owl-nav a:hover i:before {\n  color: rgba(255,255,255,0.75);\n  background: none;\n}\n.gallery-carousel-shortcode.gallery-carousel-shortcode-id-ae19ddccd6a4851b69a9c7886b7be49b .owl-dots {\n  top: calc(100% + 20px);\n  left: 50%;\n  transform: translateX(calc(-50% + 0px));\n}\n@media all and (-ms-high-contrast: none) {\n  .gallery-carousel-shortcode.gallery-carousel-shortcode-id-ae19ddccd6a4851b69a9c7886b7be49b .owl-dots {\n    transform: translateX(-50%);\n    margin-left: 0px;\n  }\n}\n.gallery-carousel-shortcode.gallery-carousel-shortcode-id-ae19ddccd6a4851b69a9c7886b7be49b .owl-dot {\n  width: 10px;\n  height: 10px;\n  margin: 0 8px;\n}\n@media screen and (max-width: 778px) {\n  .gallery-carousel-shortcode.gallery-carousel-shortcode-id-ae19ddccd6a4851b69a9c7886b7be49b.hide-arrows .owl-nav a {\n    display: none;\n  }\n}\n@media screen and (max-width: 778px) {\n  .gallery-carousel-shortcode.gallery-carousel-shortcode-id-ae19ddccd6a4851b69a9c7886b7be49b.reposition-arrows .owl-nav .owl-prev {\n    top: 50%;\n    transform: translateY(calc(-50% + 0px));\n    left: 10px;\n  }\n  .gallery-carousel-shortcode.gallery-carousel-shortcode-id-ae19ddccd6a4851b69a9c7886b7be49b.reposition-arrows .owl-nav .owl-next {\n    top: 50%;\n    transform: translateY(calc(-50% + 0px));\n    right: 10px;\n  }\n}\n@media screen and (max-width: 778px) and all and (-ms-high-contrast: none) {\n  .gallery-carousel-shortcode.gallery-carousel-shortcode-id-ae19ddccd6a4851b69a9c7886b7be49b.reposition-arrows .owl-nav .owl-prev {\n    transform: translateY(-50%);\n    margin-top: 0px;\n  }\n}\n@media screen and (max-width: 778px) and all and (-ms-high-contrast: none) {\n  .gallery-carousel-shortcode.gallery-carousel-shortcode-id-ae19ddccd6a4851b69a9c7886b7be49b.reposition-arrows .owl-nav .owl-next {\n    transform: translateY(-50%);\n    margin-top: 0px;\n  }\n}\n.gallery-carousel-shortcode.gallery-carousel-shortcode-id-ae19ddccd6a4851b69a9c7886b7be49b figure,\n.gallery-carousel-shortcode.gallery-carousel-shortcode-id-ae19ddccd6a4851b69a9c7886b7be49b .rollover,\n.gallery-carousel-shortcode.gallery-carousel-shortcode-id-ae19ddccd6a4851b69a9c7886b7be49b img,\n.gallery-carousel-shortcode.gallery-carousel-shortcode-id-ae19ddccd6a4851b69a9c7886b7be49b .gallery-rollover {\n  border-radius: 0px;\n}\n.gallery-carousel-shortcode.gallery-carousel-shortcode-id-ae19ddccd6a4851b69a9c7886b7be49b.enable-bg-rollover .gallery-rollover {\n  background: -webkit-linear-gradient();\n  background: linear-gradient();\n}\n.gallery-carousel-shortcode.gallery-carousel-shortcode-id-ae19ddccd6a4851b69a9c7886b7be49b.enable-img-shadow .owl-stage-outer {\n  padding: 14px 0;\n}\n.gallery-carousel-shortcode.gallery-carousel-shortcode-id-ae19ddccd6a4851b69a9c7886b7be49b.enable-bg-rollover.hover-scale figure .rollover:after {\n  background: -webkit-linear-gradient();\n  background: linear-gradient();\n}\n.gallery-carousel-shortcode.gallery-carousel-shortcode-id-ae19ddccd6a4851b69a9c7886b7be49b.gallery-shortcode .gallery-zoom-ico {\n  width: 44px;\n  height: 44px;\n  line-height: 44px;\n  border-radius: 100px;\n  margin: -22px 0 0 -22px;\n  border-width: 0px;\n}\n.dt-icon-bg-on.gallery-carousel-shortcode.gallery-carousel-shortcode-id-ae19ddccd6a4851b69a9c7886b7be49b.gallery-shortcode .gallery-zoom-ico {\n  background: rgba(255,255,255,0.3);\n  box-shadow: none;\n}\n.gallery-carousel-shortcode.gallery-carousel-shortcode-id-ae19ddccd6a4851b69a9c7886b7be49b.gallery-shortcode .gallery-zoom-ico:before,\n.gallery-carousel-shortcode.gallery-carousel-shortcode-id-ae19ddccd6a4851b69a9c7886b7be49b.gallery-shortcode .gallery-zoom-ico span {\n  font-size: 32px;\n  line-height: 44px;\n  color: #ffffff;\n  background: none;\n}\n<\/style><div class=\"owl-carousel gallery-carousel-shortcode gallery-shortcode  dt-gallery-container dt-owl-carousel-call gallery-carousel-shortcode-id-ae19ddccd6a4851b69a9c7886b7be49b quick-scale-img enable-bg-rollover meta-info-off dt-arrow-border-on dt-arrow-hover-border-on bullets-small-dot-stroke reposition-arrows dt-icon-bg-off arrows-bg-on disable-arrows-hover-bg arrows-hover-bg-on  hover-fade \" data-scroll-mode=\"1\" data-col-num=\"6\" data-wide-col-num=\"6\" data-laptop-col=\"5\" data-h-tablet-columns-num=\"4\" data-v-tablet-columns-num=\"3\" data-phone-columns-num=\"1\" data-col-gap=\"10\" data-stage-padding=\"0\" data-speed=\"600\" data-autoplay=\"true\" data-autoplay_speed=\"6000\" data-arrows=\"true\" data-bullet=\"true\" data-next-icon=\"icon-ar-017-r\" data-prev-icon=\"icon-ar-017-l\" data-img-shadow-size=\"12px\" data-img-shadow-spread=\"3px\"><div data-post-id=\"468\" data-date=\"2021-03-26T15:34:18+01:00\" data-name=\"Siena_Battistero-01\"><figure class=\"post\"><a href=\"https:\/\/mytourintuscany.it\/site\/wp-content\/uploads\/2021\/03\/Siena_Battistero-01.jpg\" class=\"rollover dt-pswp-item layzr-bg\" data-large_image_width=\"1280\" data-large_image_height=\"851\" data-dt-img-description=\"\" title=\"Siena_Battistero-01\"><img class=\"preload-me owl-lazy-load\" src=\"data:image\/svg+xml,%3Csvg%20xmlns%3D&#39;http%3A%2F%2Fwww.w3.org%2F2000%2Fsvg&#39;%20viewBox%3D&#39;0%200%20851%20851&#39;%2F%3E\" data-src=\"https:\/\/mytourintuscany.it\/site\/wp-content\/uploads\/2021\/03\/Siena_Battistero-01-851x851.jpg\" data-srcset=\"https:\/\/mytourintuscany.it\/site\/wp-content\/uploads\/2021\/03\/Siena_Battistero-01-851x851.jpg 851w\" alt=\"\" width=\"851\" height=\"851\"  \/><span class=\"gallery-rollover\"><span class=\"gallery-zoom-ico icomoon-the7-font-the7-zoom-06\"><span><\/span><\/span><\/span><\/a><\/figure><\/div><div data-post-id=\"469\" data-date=\"2021-03-26T15:34:35+01:00\" data-name=\"Siena_Santamariadellascala-03\"><figure class=\"post\"><a href=\"https:\/\/mytourintuscany.it\/site\/wp-content\/uploads\/2021\/03\/Siena_Santamariadellascala-03.jpg\" class=\"rollover dt-pswp-item layzr-bg\" data-large_image_width=\"1141\" data-large_image_height=\"820\" data-dt-img-description=\"\" title=\"Siena_Santamariadellascala-03\"><img class=\"preload-me owl-lazy-load\" src=\"data:image\/svg+xml,%3Csvg%20xmlns%3D&#39;http%3A%2F%2Fwww.w3.org%2F2000%2Fsvg&#39;%20viewBox%3D&#39;0%200%20820%20820&#39;%2F%3E\" data-src=\"https:\/\/mytourintuscany.it\/site\/wp-content\/uploads\/2021\/03\/Siena_Santamariadellascala-03-820x820.jpg\" data-srcset=\"https:\/\/mytourintuscany.it\/site\/wp-content\/uploads\/2021\/03\/Siena_Santamariadellascala-03-820x820.jpg 820w\" alt=\"\" width=\"820\" height=\"820\"  \/><span class=\"gallery-rollover\"><span class=\"gallery-zoom-ico icomoon-the7-font-the7-zoom-06\"><span><\/span><\/span><\/span><\/a><\/figure><\/div><div data-post-id=\"470\" data-date=\"2021-03-26T15:34:56+01:00\" data-name=\"Siena_Santamariadellascala-01\"><figure class=\"post\"><a href=\"https:\/\/mytourintuscany.it\/site\/wp-content\/uploads\/2021\/03\/Siena_Santamariadellascala-01.jpg\" class=\"rollover dt-pswp-item layzr-bg\" data-large_image_width=\"1280\" data-large_image_height=\"960\" data-dt-img-description=\"\" title=\"Siena_Santamariadellascala-01\"><img class=\"preload-me owl-lazy-load\" src=\"data:image\/svg+xml,%3Csvg%20xmlns%3D&#39;http%3A%2F%2Fwww.w3.org%2F2000%2Fsvg&#39;%20viewBox%3D&#39;0%200%20960%20960&#39;%2F%3E\" data-src=\"https:\/\/mytourintuscany.it\/site\/wp-content\/uploads\/2021\/03\/Siena_Santamariadellascala-01-960x960.jpg\" data-srcset=\"https:\/\/mytourintuscany.it\/site\/wp-content\/uploads\/2021\/03\/Siena_Santamariadellascala-01-960x960.jpg 960w\" alt=\"\" width=\"960\" height=\"960\"  \/><span class=\"gallery-rollover\"><span class=\"gallery-zoom-ico icomoon-the7-font-the7-zoom-06\"><span><\/span><\/span><\/span><\/a><\/figure><\/div><div data-post-id=\"471\" data-date=\"2021-03-26T15:35:07+01:00\" data-name=\"Siena_Pinacoteca-01\"><figure class=\"post\"><a href=\"https:\/\/mytourintuscany.it\/site\/wp-content\/uploads\/2021\/03\/Siena_Pinacoteca-01.jpg\" class=\"rollover dt-pswp-item layzr-bg\" data-large_image_width=\"1280\" data-large_image_height=\"960\" data-dt-img-description=\"\" title=\"Siena_Pinacoteca-01\"><img class=\"preload-me owl-lazy-load\" src=\"data:image\/svg+xml,%3Csvg%20xmlns%3D&#39;http%3A%2F%2Fwww.w3.org%2F2000%2Fsvg&#39;%20viewBox%3D&#39;0%200%20960%20960&#39;%2F%3E\" data-src=\"https:\/\/mytourintuscany.it\/site\/wp-content\/uploads\/2021\/03\/Siena_Pinacoteca-01-960x960.jpg\" data-srcset=\"https:\/\/mytourintuscany.it\/site\/wp-content\/uploads\/2021\/03\/Siena_Pinacoteca-01-960x960.jpg 960w\" alt=\"\" width=\"960\" height=\"960\"  \/><span class=\"gallery-rollover\"><span class=\"gallery-zoom-ico icomoon-the7-font-the7-zoom-06\"><span><\/span><\/span><\/span><\/a><\/figure><\/div><div data-post-id=\"472\" data-date=\"2021-03-26T15:36:10+01:00\" data-name=\"Siena_Cattedrale interno-02\"><figure class=\"post\"><a href=\"https:\/\/mytourintuscany.it\/site\/wp-content\/uploads\/2021\/03\/Siena_Cattedrale-interno-02-1.jpg\" class=\"rollover dt-pswp-item layzr-bg\" data-large_image_width=\"850\" data-large_image_height=\"991\" data-dt-img-description=\"\" title=\"Siena_Cattedrale interno-02\"><img class=\"preload-me owl-lazy-load\" src=\"data:image\/svg+xml,%3Csvg%20xmlns%3D&#39;http%3A%2F%2Fwww.w3.org%2F2000%2Fsvg&#39;%20viewBox%3D&#39;0%200%20850%20850&#39;%2F%3E\" data-src=\"https:\/\/mytourintuscany.it\/site\/wp-content\/uploads\/2021\/03\/Siena_Cattedrale-interno-02-1-850x850.jpg\" data-srcset=\"https:\/\/mytourintuscany.it\/site\/wp-content\/uploads\/2021\/03\/Siena_Cattedrale-interno-02-1-850x850.jpg 850w\" alt=\"\" width=\"850\" height=\"850\"  \/><span class=\"gallery-rollover\"><span class=\"gallery-zoom-ico icomoon-the7-font-the7-zoom-06\"><span><\/span><\/span><\/span><\/a><\/figure><\/div><div data-post-id=\"473\" data-date=\"2021-03-26T15:36:15+01:00\" data-name=\"Siena_MuseoDuomo_Duccio\"><figure class=\"post\"><a href=\"https:\/\/mytourintuscany.it\/site\/wp-content\/uploads\/2021\/03\/Siena_MuseoDuomo_Duccio.jpg\" class=\"rollover dt-pswp-item layzr-bg\" data-large_image_width=\"1917\" data-large_image_height=\"948\" data-dt-img-description=\"\" title=\"Siena_MuseoDuomo_Duccio\"><img class=\"preload-me owl-lazy-load\" src=\"data:image\/svg+xml,%3Csvg%20xmlns%3D&#39;http%3A%2F%2Fwww.w3.org%2F2000%2Fsvg&#39;%20viewBox%3D&#39;0%200%20948%20948&#39;%2F%3E\" data-src=\"https:\/\/mytourintuscany.it\/site\/wp-content\/uploads\/2021\/03\/Siena_MuseoDuomo_Duccio-948x948.jpg\" data-srcset=\"https:\/\/mytourintuscany.it\/site\/wp-content\/uploads\/2021\/03\/Siena_MuseoDuomo_Duccio-948x948.jpg 948w\" alt=\"\" width=\"948\" height=\"948\"  \/><span class=\"gallery-rollover\"><span class=\"gallery-zoom-ico icomoon-the7-font-the7-zoom-06\"><span><\/span><\/span><\/span><\/a><\/figure><\/div><div data-post-id=\"474\" data-date=\"2021-03-26T15:36:47+01:00\" data-name=\"Siena_Battistero-02\"><figure class=\"post\"><a href=\"https:\/\/mytourintuscany.it\/site\/wp-content\/uploads\/2021\/03\/Siena_Battistero-02-scaled.jpg\" class=\"rollover dt-pswp-item layzr-bg\" data-large_image_width=\"1920\" data-large_image_height=\"2560\" data-dt-img-description=\"\" title=\"Siena_Battistero-02\"><img class=\"preload-me owl-lazy-load\" src=\"data:image\/svg+xml,%3Csvg%20xmlns%3D&#39;http%3A%2F%2Fwww.w3.org%2F2000%2Fsvg&#39;%20viewBox%3D&#39;0%200%201920%201920&#39;%2F%3E\" data-src=\"https:\/\/mytourintuscany.it\/site\/wp-content\/uploads\/2021\/03\/Siena_Battistero-02-scaled-1920x1920.jpg\" data-srcset=\"https:\/\/mytourintuscany.it\/site\/wp-content\/uploads\/2021\/03\/Siena_Battistero-02-scaled-1920x1920.jpg 1920w\" alt=\"\" width=\"1920\" height=\"1920\"  \/><span class=\"gallery-rollover\"><span class=\"gallery-zoom-ico icomoon-the7-font-the7-zoom-06\"><span><\/span><\/span><\/span><\/a><\/figure><\/div><\/div>[\/vc_column][\/vc_row][vc_row bg_type=&#8221;bg_color&#8221; bg_color_value=&#8221;#ffffff&#8221; css=&#8221;.vc_custom_1616275744297{margin-top: 60px !important;}&#8221;][vc_column][vc_column_text]<\/p>\n<div class=\"pane\">\n<p><span style=\"color: #d8b280;\"><strong>Itinerario<\/strong><\/span><br \/>\nPer scoprire i capolavori custoditi all&#8217;interno dei palazzi e degli edifici sacri senesi, consigliamo di concordare con la vostra guida un itinerario museale che soddisfi le vostre curiosit\u00e0. Per completare la visita della citt\u00e0, \u00e8 consigliabile, per esempio, visitare il Complesso Museale del Duomo, che comprende l&#8217;interno della Cattedrale, la cripta con gli affreschi del XIII secolo, il Battistero con il fonte battesimale del XV secolo di Iacopo della Quercia, Donatello e Ghiberti, il Museo dell\u2019Opera con la vetrata e la <em>Maest\u00e0<\/em> di Duccio da Buoninsegna. Da qui, inoltre \u00e8 possibile accedere al &#8220;Facciatone&#8221; del Duomo, da dove si pu\u00f2 ammirare una splendida vista sui tetti della citt\u00e0. In alternativa, potrete programmare la visita a Santa Maria della Scala, uno tra i pi\u00f9 antichi ospedali d\u2019Occidente, che ospita al suo interno un museo permanente e numerose esibizioni temporanee. Un&#8217;altra opzione \u00e8 rappresentata dalla Pinacoteca Nazionale con la sua importante raccolta di capolavori della pittura senese del Tre-Quattrocento di pittori quali Duccio di Boninsegna, Simone Martini, Pietro e Ambrogio Lorenzetti, Giovanni di Paolo, Domenico Beccafumi.<\/p>\n<\/div>\n<p>[\/vc_column_text][\/vc_column][\/vc_row][vc_row][vc_column][vc_tour][vc_tab title=&#8221;Note&#8221; tab_id=&#8221;1fdb0a27-2109-2&#8243;][vc_column_text]<span style=\"color: #d8b280;\"><strong>Durata: 3 ore<\/strong><\/span><\/p>\n<p>Ingresso a pagamento (a scelta) Complesso Museale del Duomo, Pinacoteca nazionale, Complesso museale di Santa Maria della Scala; per gruppi di pi\u00f9 di 15 persone \u00e8 fortemente consigliato l&#8217;uso degli auricolari, prenotabili tramite la vostra guida.[\/vc_column_text][\/vc_tab][vc_tab title=&#8221;Tour combinati&#8221; tab_id=&#8221;6512b90c-72c7-5&#8243;][vc_column_text]<span style=\"color: #d8b280;\"><strong>Siena &#8220;citt\u00e0&#8221;\u00a0<\/strong><span style=\"color: #000000;\">e\u00a0<\/span><strong>Siena &#8220;musei&#8221;<\/strong><\/span>, 6 ore; <span style=\"color: #d8b280;\"><strong>Siena &#8220;citt\u00e0&#8221;<\/strong><\/span> e <strong><span style=\"color: #d8b280;\">Siena &#8220;contrada&#8221;<\/span><\/strong>, 6 ore; <strong><span style=\"color: #d8b280;\">Siena &#8220;citt\u00e0&#8221;<\/span><\/strong> e <strong><span style=\"color: #d8b280;\">San Gimignano<\/span><\/strong>, 6 ore; <span style=\"color: #d8b280;\"><strong>Siena &#8220;citt\u00e0&#8221;<\/strong><\/span> e <strong><span style=\"color: #d8b280;\">Colle Valdelsa<\/span><\/strong>, 6 ore; <span style=\"color: #d8b280;\"><strong>Siena &#8220;citt\u00e0&#8221;<\/strong><\/span> e <span style=\"color: #d8b280;\"><strong>Volterra &#8220;citt\u00e0&#8221;<\/strong><\/span>, 6 ore[\/vc_column_text][\/vc_tab][vc_tab title=&#8221;Info e Prenotazione&#8221; tab_id=&#8221;1616339534401-3-3&#8243;]<div role=\"form\" class=\"wpcf7\" id=\"wpcf7-f293-o1\" lang=\"it-IT\" dir=\"ltr\">\n<div class=\"screen-reader-response\"><p role=\"status\" aria-live=\"polite\" aria-atomic=\"true\"><\/p> <ul><\/ul><\/div>\n<form action=\"\/it\/wp-json\/wp\/v2\/posts\/466#wpcf7-f293-o1\" method=\"post\" class=\"wpcf7-form init\" novalidate=\"novalidate\" data-status=\"init\">\n<div style=\"display: none;\">\n<input type=\"hidden\" name=\"_wpcf7\" value=\"293\" \/>\n<input type=\"hidden\" name=\"_wpcf7_version\" value=\"5.6.4\" \/>\n<input type=\"hidden\" name=\"_wpcf7_locale\" value=\"it_IT\" \/>\n<input type=\"hidden\" name=\"_wpcf7_unit_tag\" value=\"wpcf7-f293-o1\" \/>\n<input type=\"hidden\" name=\"_wpcf7_container_post\" value=\"0\" \/>\n<input type=\"hidden\" name=\"_wpcf7_posted_data_hash\" value=\"\" \/>\n<input type=\"hidden\" name=\"_wpcf7_recaptcha_response\" value=\"\" \/>\n<\/div>\n<p><span class=\"wpcf7-form-control-wrap\" data-name=\"your-name\"><input type=\"text\" name=\"your-name\" value=\"\" size=\"40\" class=\"wpcf7-form-control wpcf7-text wpcf7-validates-as-required\" aria-required=\"true\" aria-invalid=\"false\" placeholder=\"Il tuo nome*\" \/><\/span><br \/>\n<span class=\"wpcf7-form-control-wrap\" data-name=\"your-email\"><input type=\"email\" name=\"your-email\" value=\"\" size=\"40\" class=\"wpcf7-form-control wpcf7-text wpcf7-email wpcf7-validates-as-required wpcf7-validates-as-email\" aria-required=\"true\" aria-invalid=\"false\" placeholder=\"La tua e-mail*\" \/><\/span><br \/>\n<span class=\"wpcf7-form-control-wrap\" data-name=\"tel-954\"><input type=\"tel\" name=\"tel-954\" value=\"\" size=\"40\" class=\"wpcf7-form-control wpcf7-text wpcf7-tel wpcf7-validates-as-tel\" aria-invalid=\"false\" placeholder=\"Il tuo recapito telefonico (facoltativo)\" \/><\/span><br \/>\n<span class=\"wpcf7-form-control-wrap\" data-name=\"your-message\"><textarea name=\"your-message\" cols=\"40\" rows=\"10\" class=\"wpcf7-form-control wpcf7-textarea\" aria-invalid=\"false\" placeholder=\"Il tuo messaggio (facoltativo)\"><\/textarea><\/span><\/p>\n<p><span class=\"wpcf7-form-control-wrap\" data-name=\"acceptance-503\"><span class=\"wpcf7-form-control wpcf7-acceptance\"><span class=\"wpcf7-list-item\"><label><input type=\"checkbox\" name=\"acceptance-503\" value=\"1\" aria-invalid=\"false\" \/><span class=\"wpcf7-list-item-label\">Ho visionato e accetto l'<a href=\"https:\/\/mytourintuscany.it\/site\/privacy-e-condizioni-duso\/\">informativa sulla Privacy<\/a>.<\/span><\/label><\/span><\/span><\/span><\/p>\n<p><input type=\"submit\" value=\"Invia Richiesta\" class=\"wpcf7-form-control has-spinner wpcf7-submit\" \/><\/p>\n<p><br><br><br \/>\nQuesto sito \u00e8 protetto da reCAPTCHA e dalle <a href=\"https:\/\/policies.google.com\/privacy?hl=it\" target=\"_blank\">Norme sulla Privacy<\/a> e dai <a href=\"https:\/\/policies.google.com\/terms?hl=it\" target=\"_blank\">Termini di Servizio<\/a> di Google.<\/p>\n<div class=\"wpcf7-response-output\" aria-hidden=\"true\"><\/div><\/form><\/div>[\/vc_tab][\/vc_tour][\/vc_column][\/vc_row]<\/p>\n","protected":false},"excerpt":{"rendered":"<p>[vc_row][vc_column][\/vc_column][\/vc_row][vc_row bg_type=&#8221;bg_color&#8221; bg_color_value=&#8221;#ffffff&#8221; css=&#8221;.vc_custom_1616275744297{margin-top: 60px !important;}&#8221;][vc_column][vc_column_text] Itinerario Per scoprire i capolavori custoditi all&#8217;interno dei palazzi e degli edifici sacri senesi, consigliamo di concordare con la vostra guida un itinerario museale che soddisfi le vostre curiosit\u00e0. Per completare la visita della citt\u00e0, \u00e8 consigliabile, per esempio, visitare il Complesso Museale del Duomo, che comprende l&#8217;interno della&hellip;<\/p>\n","protected":false},"author":2,"featured_media":467,"comment_status":"closed","ping_status":"open","sticky":false,"template":"elementor_theme","format":"standard","meta":[],"categories":[4],"tags":[],"yoast_head":"<!-- This site is optimized with the Yoast SEO plugin v16.2 - https:\/\/yoast.com\/wordpress\/plugins\/seo\/ -->\n<title>TOUR 08 \u2013 SIENA, musei: Complesso Museale del Duomo, Santa Maria della Scala, Battistero - My tour in Tuscany<\/title>\n<meta name=\"description\" content=\"Claudia Meucci Tour Guide Volterra Firenze Pisa Siena\" \/>\n<meta name=\"robots\" content=\"index, follow, max-snippet:-1, max-image-preview:large, max-video-preview:-1\" \/>\n<link rel=\"canonical\" href=\"https:\/\/mytourintuscany.it\/it\/visite-guidate\/tour-08-siena-musei\/\" \/>\n<meta property=\"og:locale\" content=\"it_IT\" \/>\n<meta property=\"og:type\" content=\"article\" \/>\n<meta property=\"og:title\" content=\"TOUR 08 \u2013 SIENA, musei: Complesso Museale del Duomo, Santa Maria della Scala, Battistero - My tour in Tuscany\" \/>\n<meta property=\"og:description\" content=\"Claudia Meucci Tour Guide Volterra Firenze Pisa Siena\" \/>\n<meta property=\"og:url\" content=\"https:\/\/mytourintuscany.it\/it\/visite-guidate\/tour-08-siena-musei\/\" \/>\n<meta property=\"og:site_name\" content=\"My tour in Tuscany\" \/>\n<meta property=\"article:published_time\" content=\"2021-03-26T14:41:19+00:00\" \/>\n<meta property=\"article:modified_time\" content=\"2025-03-15T15:22:34+00:00\" \/>\n<meta property=\"og:image\" content=\"https:\/\/mytourintuscany.it\/site\/wp-content\/uploads\/2021\/03\/Siena_Santamariadellascala-02.jpg\" \/>\n\t<meta property=\"og:image:width\" content=\"1280\" \/>\n\t<meta property=\"og:image:height\" content=\"960\" \/>\n<meta name=\"twitter:card\" content=\"summary_large_image\" \/>\n<meta name=\"twitter:label1\" content=\"Tempo di lettura stimato\">\n\t<meta name=\"twitter:data1\" content=\"2 minuti\">\n<script type=\"application\/ld+json\" class=\"yoast-schema-graph\">{\"@context\":\"https:\/\/schema.org\",\"@graph\":[{\"@type\":\"WebSite\",\"@id\":\"https:\/\/mytourintuscany.it\/it\/#website\",\"url\":\"https:\/\/mytourintuscany.it\/it\/\",\"name\":\"My tour in Tuscany\",\"description\":\"Tours - Visite guidate - Accompagnamenti\",\"potentialAction\":[{\"@type\":\"SearchAction\",\"target\":\"https:\/\/mytourintuscany.it\/it\/?s={search_term_string}\",\"query-input\":\"required name=search_term_string\"}],\"inLanguage\":\"it-IT\"},{\"@type\":\"ImageObject\",\"@id\":\"https:\/\/mytourintuscany.it\/it\/visite-guidate\/tour-08-siena-musei\/#primaryimage\",\"inLanguage\":\"it-IT\",\"url\":\"https:\/\/mytourintuscany.it\/site\/wp-content\/uploads\/2021\/03\/Siena_Santamariadellascala-02.jpg\",\"contentUrl\":\"https:\/\/mytourintuscany.it\/site\/wp-content\/uploads\/2021\/03\/Siena_Santamariadellascala-02.jpg\",\"width\":1280,\"height\":960},{\"@type\":\"WebPage\",\"@id\":\"https:\/\/mytourintuscany.it\/it\/visite-guidate\/tour-08-siena-musei\/#webpage\",\"url\":\"https:\/\/mytourintuscany.it\/it\/visite-guidate\/tour-08-siena-musei\/\",\"name\":\"TOUR 08 \\u2013 SIENA, musei: Complesso Museale del Duomo, Santa Maria della Scala, Battistero - My tour in Tuscany\",\"isPartOf\":{\"@id\":\"https:\/\/mytourintuscany.it\/it\/#website\"},\"primaryImageOfPage\":{\"@id\":\"https:\/\/mytourintuscany.it\/it\/visite-guidate\/tour-08-siena-musei\/#primaryimage\"},\"datePublished\":\"2021-03-26T14:41:19+00:00\",\"dateModified\":\"2025-03-15T15:22:34+00:00\",\"author\":{\"@id\":\"https:\/\/mytourintuscany.it\/it\/#\/schema\/person\/9ae9673d08d4544c4a451eb068ad7a37\"},\"description\":\"Claudia Meucci Tour Guide Volterra Firenze Pisa Siena\",\"breadcrumb\":{\"@id\":\"https:\/\/mytourintuscany.it\/it\/visite-guidate\/tour-08-siena-musei\/#breadcrumb\"},\"inLanguage\":\"it-IT\",\"potentialAction\":[{\"@type\":\"ReadAction\",\"target\":[\"https:\/\/mytourintuscany.it\/it\/visite-guidate\/tour-08-siena-musei\/\"]}]},{\"@type\":\"BreadcrumbList\",\"@id\":\"https:\/\/mytourintuscany.it\/it\/visite-guidate\/tour-08-siena-musei\/#breadcrumb\",\"itemListElement\":[{\"@type\":\"ListItem\",\"position\":1,\"item\":{\"@type\":\"WebPage\",\"@id\":\"https:\/\/mytourintuscany.it\/it\/\",\"url\":\"https:\/\/mytourintuscany.it\/it\/\",\"name\":\"Home\"}},{\"@type\":\"ListItem\",\"position\":2,\"item\":{\"@id\":\"https:\/\/mytourintuscany.it\/it\/visite-guidate\/tour-08-siena-musei\/#webpage\"}}]},{\"@type\":\"Person\",\"@id\":\"https:\/\/mytourintuscany.it\/it\/#\/schema\/person\/9ae9673d08d4544c4a451eb068ad7a37\",\"name\":\"Admin\",\"image\":{\"@type\":\"ImageObject\",\"@id\":\"https:\/\/mytourintuscany.it\/it\/#personlogo\",\"inLanguage\":\"it-IT\",\"url\":\"https:\/\/secure.gravatar.com\/avatar\/90dff9f0d2c21a67735ec2e3b1bb6bca?s=96&d=mm&r=g\",\"contentUrl\":\"https:\/\/secure.gravatar.com\/avatar\/90dff9f0d2c21a67735ec2e3b1bb6bca?s=96&d=mm&r=g\",\"caption\":\"Admin\"}}]}<\/script>\n<!-- \/ Yoast SEO plugin. -->","_links":{"self":[{"href":"https:\/\/mytourintuscany.it\/it\/wp-json\/wp\/v2\/posts\/466"}],"collection":[{"href":"https:\/\/mytourintuscany.it\/it\/wp-json\/wp\/v2\/posts"}],"about":[{"href":"https:\/\/mytourintuscany.it\/it\/wp-json\/wp\/v2\/types\/post"}],"author":[{"embeddable":true,"href":"https:\/\/mytourintuscany.it\/it\/wp-json\/wp\/v2\/users\/2"}],"replies":[{"embeddable":true,"href":"https:\/\/mytourintuscany.it\/it\/wp-json\/wp\/v2\/comments?post=466"}],"version-history":[{"count":2,"href":"https:\/\/mytourintuscany.it\/it\/wp-json\/wp\/v2\/posts\/466\/revisions"}],"predecessor-version":[{"id":476,"href":"https:\/\/mytourintuscany.it\/it\/wp-json\/wp\/v2\/posts\/466\/revisions\/476"}],"wp:featuredmedia":[{"embeddable":true,"href":"https:\/\/mytourintuscany.it\/it\/wp-json\/wp\/v2\/media\/467"}],"wp:attachment":[{"href":"https:\/\/mytourintuscany.it\/it\/wp-json\/wp\/v2\/media?parent=466"}],"wp:term":[{"taxonomy":"category","embeddable":true,"href":"https:\/\/mytourintuscany.it\/it\/wp-json\/wp\/v2\/categories?post=466"},{"taxonomy":"post_tag","embeddable":true,"href":"https:\/\/mytourintuscany.it\/it\/wp-json\/wp\/v2\/tags?post=466"}],"curies":[{"name":"wp","href":"https:\/\/api.w.org\/{rel}","templated":true}]}}